{"id":3793,"date":"2014-01-13T16:13:52","date_gmt":"2014-01-13T15:13:52","guid":{"rendered":"http:\/\/www.braintrainingonline.it\/?p=3793"},"modified":"2022-09-16T15:33:44","modified_gmt":"2022-09-16T13:33:44","slug":"ricordati-del-caffe","status":"publish","type":"post","link":"https:\/\/neocogita.com\/en\/ricordati-del-caffe\/","title":{"rendered":"Ricordati del caff\u00e8 &#8211; pu\u00f2 aiutare la tua memoria!"},"content":{"rendered":"<h3><i>Un buon caff\u00e8 rende un po&#8217; pi\u00f9 lucidi e pronti. Ma pu\u00f2 avere anche altri effetti? Uno studio recentissimo suggerisce che un paio \u2013 ma solo un paio \u2013 di caff\u00e8, oltre a migliorare l&#8217;attenzione, possano potenziare la memoria.<\/i><\/h3>\n<p>&nbsp;<\/p>\n<p style=\"text-align: justify;\">Che bere un caff\u00e8 aiuti a svegliarsi e a cominciare la giornata, lo sapevamo da tempo. Finora, per\u00f2, gli effetti di un buon espresso sulla memoria non erano ancora stati indagati, a causa d&#8217;una complicazione ovvia, ma scomoda.<\/p>\n<p style=\"text-align: justify;\">La caffeina, infatti, \u00e8 un dimostrato amplificatore dell&#8217;attenzione, e proprio il motivo che la rende cos\u00ec popolare fa s\u00ec che studiarne gli effetti sulla memoria a lungo termine sia un compito per nulla semplice. Svariati esperimenti, infatti, confermano che l&#8217;attenzione migliora la memoria: le esperienze vissute lucidamente, nel pieno delle proprie capacit\u00e0 mentali, lasciano una traccia pi\u00f9 ampia e profonda nella nostra memoria.<\/p>\n<p style=\"text-align: justify;\"><strong>Come distinguere quindi un genuino effetto di potenziamento mnemonico da un effetto collaterale del miglioramento dell&#8217;attenzione, in un soggetto sotto l&#8217;effetto di caffeina?<\/strong><\/p>\n<p style=\"text-align: justify;\">La soluzione a quest&#8217;enigma l&#8217;ha trovata <a href=\"http:\/\/yassalab.org\/\" target=\"_blank\" rel=\"noopener\">Michael Yassa<\/a>, neuroscienziato americano, in uno studio uscito in questi giorni su Nature Neuroscience. Ed \u00e8 semplice: dare ai soggetti il caff\u00e8 <i>dopo <\/i>l&#8217;esposizione allo stimolo da ricordare.<\/p>\n<p><a href=\"https:\/\/neocogita.com\/wp-content\/uploads\/caff\u00e8.jpg\"><img loading=\"lazy\" decoding=\"async\" class=\"size-medium wp-image-4155 alignright\" src=\"https:\/\/neocogita.com\/wp-content\/uploads\/2022\/09\/caffe-qualita-come-riconoscere-ecco-cosa-prestare.jpg\" alt=\"caff\u00e8\" width=\"300\" height=\"212\" \/><\/a><\/p>\n<p style=\"text-align: justify;\">A un campione di 160 soggetti adulti, il team di Yassa ha chiesto di osservare e memorizzare un lungo gruppo d&#8217;immagini: appena dopo, a met\u00e0 di loro \u00e8 stata data una pillola contenente 200 mg di caffeina (un paio di caff\u00e8) \u2013 e all&#8217;altra met\u00e0, un semplice placebo.\u00a0Il giorno successivo, tutti i soggetti sono stati richiamati, ed esposti a immagini che potevano essere identiche a quelle del giorno precedente, differenti oppure solamente \u201csimili\u201d. Ad esempio, un cavalluccio marino differente da quello di una delle foto viste il giorno prima, ma pur sempre un cavalluccio marino.<\/p>\n<p style=\"text-align: justify;\">I due gruppi sono risultati pari nel riconoscere immagini identiche, e nel segnalare quelle diverse:\u00a0 questo era atteso, perch\u00e9 si trattava di un compito molto semplice. Per\u00f2, il gruppo che aveva assunto caffeina subito dopo l&#8217;esposizione alla foto \u2013 si \u00e8 dimostrato significativamente pi\u00f9 \u201cbravo\u201d nel riconoscere immagini simili rispetto ai loro pari che avevano ricevuto soltanto un placebo.<\/p>\n<h3 style=\"text-align: justify;\"><\/h3>\n<h3 style=\"text-align: justify;\"><span style=\"font-size: 1.17em; line-height: 1.5em;\">Memoria e concentrazione<\/span><\/h3>\n<p style=\"text-align: justify;\">L&#8217;esperimento \u00e8 stato dunque ripetuto somministrando la caffeina un&#8217;ora dopo, piuttosto che subito dopo: e la differenza tra i due gruppi \u00e8 scomparsa. Questo dimostra che l&#8217;effetto positivo della caffeina si manifesta soltanto durante la ristretta finestra temporale di formazione dei ricordi \u2013 che si pu\u00f2 identificare nelle due-tre decine di minuti successivi all&#8217;esperienza in oggetto. In quella fase di latenza, la lucidit\u00e0 aggiuntiva indotta dalla sostanza aiuta la formazione dei ricordi, che saranno dunque pi\u00f9 nitidi e ricchi di dettagli aggiuntivi.<\/p>\n<p style=\"text-align: justify;\">E quindi? Yassa spiega che questo non implica certo che il caff\u00e8 vada bevuto solo <b>dopo <\/b>aver studiato: si trattava solo di un accorto stratagemma per dimostrare finalmente qualcosa che gi\u00e0 si sospettava. E di cui ora possiamo star certi.<\/p>\n<p style=\"text-align: justify;\">PS: In una successiva integrazione all&#8217;esperimento, Yassa ha trovato che il fenomeno si verificava soltanto con un singolo dosaggio: 200mg. Con 100mg non accadeva, e neppure con 300. Presumibilmente perch\u00e9 100 erano troppo pochi per innescare una maggiore attenzione, mentre i 300mg producevano un&#8217;ipereccitazione che finiva per diminuire le capacit\u00e0 attentive dei soggetti.<\/p>\n<p style=\"text-align: justify;\"><strong>Quindi \u2013 un paio di caff\u00e8: non di pi\u00f9, non di meno!<\/strong><\/p>\n<p style=\"text-align: justify;\">Fonte: <a href=\"http:\/\/www.newscientist.com\/article\/dn24855-drink-two-espressos-to-enhance-longterm-memory.html#.UtP98GTuLDF\" target=\"_blank\" rel=\"noopener\">New Scientist<\/a><\/p>\n","protected":false},"excerpt":{"rendered":"<p>Un buon caff\u00e8 rende un po&#8217; pi\u00f9 lucidi e pronti. Ma pu\u00f2 avere anche altri effetti? Uno studio recentissimo suggerisce che un paio \u2013 ma solo un paio \u2013 di caff\u00e8, oltre a migliorare l&#8217;attenzione, possano potenziare la memoria. &nbsp; Che bere un caff\u00e8 aiuti a svegliarsi e a cominciare la giornata, lo sapevamo da [&hellip;]<\/p>\n","protected":false},"author":582009,"featured_media":4157,"comment_status":"closed","ping_status":"closed","sticky":false,"template":"","format":"standard","meta":{"_acf_changed":false,"_et_pb_use_builder":"","_et_pb_old_content":"","_et_gb_content_width":"","footnotes":""},"categories":[7],"tags":[57,59,60,53],"dipi_cpt_category":[],"class_list":["post-3793","post","type-post","status-publish","format-standard","has-post-thumbnail","hentry","category-news","tag-alimentazione","tag-caffe","tag-memoria","tag-ricordi"],"acf":[],"yoast_head":"<!-- This site is optimized with the Yoast SEO plugin v23.9 - https:\/\/yoast.com\/wordpress\/plugins\/seo\/ -->\n<title>Ricordati del caff\u00e8 - pu\u00f2 aiutare la tua memoria! - Neocogita<\/title>\n<meta name=\"robots\" content=\"index, follow, max-snippet:-1, max-image-preview:large, max-video-preview:-1\" \/>\n<link rel=\"canonical\" href=\"https:\/\/neocogita.com\/ricordati-del-caffe\/\" \/>\n<meta property=\"og:locale\" content=\"en_US\" \/>\n<meta property=\"og:type\" content=\"article\" \/>\n<meta property=\"og:title\" content=\"Ricordati del caff\u00e8 - pu\u00f2 aiutare la tua memoria! - Neocogita\" \/>\n<meta property=\"og:description\" content=\"Un buon caff\u00e8 rende un po&#8217; pi\u00f9 lucidi e pronti. Ma pu\u00f2 avere anche altri effetti? Uno studio recentissimo suggerisce che un paio \u2013 ma solo un paio \u2013 di caff\u00e8, oltre a migliorare l&#8217;attenzione, possano potenziare la memoria. &nbsp; Che bere un caff\u00e8 aiuti a svegliarsi e a cominciare la giornata, lo sapevamo da [&hellip;]\" \/>\n<meta property=\"og:site_name\" content=\"Neocogita\" \/>\n<meta property=\"article:publisher\" content=\"https:\/\/www.facebook.com\/Neocogita\/\" \/>\n<meta property=\"article:published_time\" content=\"2014-01-13T15:13:52+00:00\" \/>\n<meta property=\"article:modified_time\" content=\"2022-09-16T13:33:44+00:00\" \/>\n<meta name=\"author\" content=\"adnminsp\" \/>\n<meta name=\"twitter:card\" content=\"summary_large_image\" \/>\n<meta name=\"twitter:creator\" content=\"@Neocogita\" \/>\n<meta name=\"twitter:site\" content=\"@Neocogita\" \/>\n<meta name=\"twitter:label1\" content=\"Written by\" \/>\n\t<meta name=\"twitter:data1\" content=\"adnminsp\" \/>\n\t<meta name=\"twitter:label2\" content=\"Est. reading time\" \/>\n\t<meta name=\"twitter:data2\" content=\"3 minutes\" \/>\n<script type=\"application\/ld+json\" class=\"yoast-schema-graph\">{\"@context\":\"https:\/\/schema.org\",\"@graph\":[{\"@type\":\"Article\",\"@id\":\"https:\/\/neocogita.com\/ricordati-del-caffe\/#article\",\"isPartOf\":{\"@id\":\"https:\/\/neocogita.com\/ricordati-del-caffe\/\"},\"author\":{\"name\":\"adnminsp\",\"@id\":\"https:\/\/neocogita.com\/#\/schema\/person\/05d554da1176b5b1ceb05465c524ac9d\"},\"headline\":\"Ricordati del caff\u00e8 &#8211; pu\u00f2 aiutare la tua memoria!\",\"datePublished\":\"2014-01-13T15:13:52+00:00\",\"dateModified\":\"2022-09-16T13:33:44+00:00\",\"mainEntityOfPage\":{\"@id\":\"https:\/\/neocogita.com\/ricordati-del-caffe\/\"},\"wordCount\":557,\"publisher\":{\"@id\":\"https:\/\/neocogita.com\/#organization\"},\"image\":{\"@id\":\"https:\/\/neocogita.com\/ricordati-del-caffe\/#primaryimage\"},\"thumbnailUrl\":\"\",\"keywords\":[\"Alimentazione\",\"Caff\u00e8\",\"Memoria\",\"Ricordi\"],\"articleSection\":[\"News\"],\"inLanguage\":\"en-US\"},{\"@type\":\"WebPage\",\"@id\":\"https:\/\/neocogita.com\/ricordati-del-caffe\/\",\"url\":\"https:\/\/neocogita.com\/ricordati-del-caffe\/\",\"name\":\"Ricordati del caff\u00e8 - pu\u00f2 aiutare la tua memoria! - Neocogita\",\"isPartOf\":{\"@id\":\"https:\/\/neocogita.com\/#website\"},\"primaryImageOfPage\":{\"@id\":\"https:\/\/neocogita.com\/ricordati-del-caffe\/#primaryimage\"},\"image\":{\"@id\":\"https:\/\/neocogita.com\/ricordati-del-caffe\/#primaryimage\"},\"thumbnailUrl\":\"\",\"datePublished\":\"2014-01-13T15:13:52+00:00\",\"dateModified\":\"2022-09-16T13:33:44+00:00\",\"breadcrumb\":{\"@id\":\"https:\/\/neocogita.com\/ricordati-del-caffe\/#breadcrumb\"},\"inLanguage\":\"en-US\",\"potentialAction\":[{\"@type\":\"ReadAction\",\"target\":[\"https:\/\/neocogita.com\/ricordati-del-caffe\/\"]}]},{\"@type\":\"ImageObject\",\"inLanguage\":\"en-US\",\"@id\":\"https:\/\/neocogita.com\/ricordati-del-caffe\/#primaryimage\",\"url\":\"\",\"contentUrl\":\"\"},{\"@type\":\"BreadcrumbList\",\"@id\":\"https:\/\/neocogita.com\/ricordati-del-caffe\/#breadcrumb\",\"itemListElement\":[{\"@type\":\"ListItem\",\"position\":1,\"name\":\"Home\",\"item\":\"https:\/\/neocogita.com\/\"},{\"@type\":\"ListItem\",\"position\":2,\"name\":\"Ricordati del caff\u00e8 &#8211; pu\u00f2 aiutare la tua memoria!\"}]},{\"@type\":\"WebSite\",\"@id\":\"https:\/\/neocogita.com\/#website\",\"url\":\"https:\/\/neocogita.com\/\",\"name\":\"Neocogita\",\"description\":\"\",\"publisher\":{\"@id\":\"https:\/\/neocogita.com\/#organization\"},\"potentialAction\":[{\"@type\":\"SearchAction\",\"target\":{\"@type\":\"EntryPoint\",\"urlTemplate\":\"https:\/\/neocogita.com\/?s={search_term_string}\"},\"query-input\":{\"@type\":\"PropertyValueSpecification\",\"valueRequired\":true,\"valueName\":\"search_term_string\"}}],\"inLanguage\":\"en-US\"},{\"@type\":\"Organization\",\"@id\":\"https:\/\/neocogita.com\/#organization\",\"name\":\"Neocogita\",\"url\":\"https:\/\/neocogita.com\/\",\"logo\":{\"@type\":\"ImageObject\",\"inLanguage\":\"en-US\",\"@id\":\"https:\/\/neocogita.com\/#\/schema\/logo\/image\/\",\"url\":\"https:\/\/neocogita.com\/wp-content\/uploads\/2022\/11\/logo.svg\",\"contentUrl\":\"https:\/\/neocogita.com\/wp-content\/uploads\/2022\/11\/logo.svg\",\"width\":1,\"height\":1,\"caption\":\"Neocogita\"},\"image\":{\"@id\":\"https:\/\/neocogita.com\/#\/schema\/logo\/image\/\"},\"sameAs\":[\"https:\/\/www.facebook.com\/Neocogita\/\",\"https:\/\/x.com\/Neocogita\"]},{\"@type\":\"Person\",\"@id\":\"https:\/\/neocogita.com\/#\/schema\/person\/05d554da1176b5b1ceb05465c524ac9d\",\"name\":\"adnminsp\",\"image\":{\"@type\":\"ImageObject\",\"inLanguage\":\"en-US\",\"@id\":\"https:\/\/neocogita.com\/#\/schema\/person\/image\/\",\"url\":\"https:\/\/secure.gravatar.com\/avatar\/331f09adff0eb3c89fac2759fbc83785b8785783e5764d9aed4c4932a559565d?s=96&d=mm&r=g\",\"contentUrl\":\"https:\/\/secure.gravatar.com\/avatar\/331f09adff0eb3c89fac2759fbc83785b8785783e5764d9aed4c4932a559565d?s=96&d=mm&r=g\",\"caption\":\"adnminsp\"}}]}<\/script>\n<!-- \/ Yoast SEO plugin. -->","yoast_head_json":{"title":"Ricordati del caff\u00e8 - pu\u00f2 aiutare la tua memoria! - Neocogita","robots":{"index":"index","follow":"follow","max-snippet":"max-snippet:-1","max-image-preview":"max-image-preview:large","max-video-preview":"max-video-preview:-1"},"canonical":"https:\/\/neocogita.com\/ricordati-del-caffe\/","og_locale":"en_US","og_type":"article","og_title":"Ricordati del caff\u00e8 - pu\u00f2 aiutare la tua memoria! - Neocogita","og_description":"Un buon caff\u00e8 rende un po&#8217; pi\u00f9 lucidi e pronti. Ma pu\u00f2 avere anche altri effetti? Uno studio recentissimo suggerisce che un paio \u2013 ma solo un paio \u2013 di caff\u00e8, oltre a migliorare l&#8217;attenzione, possano potenziare la memoria. &nbsp; Che bere un caff\u00e8 aiuti a svegliarsi e a cominciare la giornata, lo sapevamo da [&hellip;]","og_site_name":"Neocogita","article_publisher":"https:\/\/www.facebook.com\/Neocogita\/","article_published_time":"2014-01-13T15:13:52+00:00","article_modified_time":"2022-09-16T13:33:44+00:00","author":"adnminsp","twitter_card":"summary_large_image","twitter_creator":"@Neocogita","twitter_site":"@Neocogita","twitter_misc":{"Written by":"adnminsp","Est. reading time":"3 minutes"},"schema":{"@context":"https:\/\/schema.org","@graph":[{"@type":"Article","@id":"https:\/\/neocogita.com\/ricordati-del-caffe\/#article","isPartOf":{"@id":"https:\/\/neocogita.com\/ricordati-del-caffe\/"},"author":{"name":"adnminsp","@id":"https:\/\/neocogita.com\/#\/schema\/person\/05d554da1176b5b1ceb05465c524ac9d"},"headline":"Ricordati del caff\u00e8 &#8211; pu\u00f2 aiutare la tua memoria!","datePublished":"2014-01-13T15:13:52+00:00","dateModified":"2022-09-16T13:33:44+00:00","mainEntityOfPage":{"@id":"https:\/\/neocogita.com\/ricordati-del-caffe\/"},"wordCount":557,"publisher":{"@id":"https:\/\/neocogita.com\/#organization"},"image":{"@id":"https:\/\/neocogita.com\/ricordati-del-caffe\/#primaryimage"},"thumbnailUrl":"","keywords":["Alimentazione","Caff\u00e8","Memoria","Ricordi"],"articleSection":["News"],"inLanguage":"en-US"},{"@type":"WebPage","@id":"https:\/\/neocogita.com\/ricordati-del-caffe\/","url":"https:\/\/neocogita.com\/ricordati-del-caffe\/","name":"Ricordati del caff\u00e8 - pu\u00f2 aiutare la tua memoria! - Neocogita","isPartOf":{"@id":"https:\/\/neocogita.com\/#website"},"primaryImageOfPage":{"@id":"https:\/\/neocogita.com\/ricordati-del-caffe\/#primaryimage"},"image":{"@id":"https:\/\/neocogita.com\/ricordati-del-caffe\/#primaryimage"},"thumbnailUrl":"","datePublished":"2014-01-13T15:13:52+00:00","dateModified":"2022-09-16T13:33:44+00:00","breadcrumb":{"@id":"https:\/\/neocogita.com\/ricordati-del-caffe\/#breadcrumb"},"inLanguage":"en-US","potentialAction":[{"@type":"ReadAction","target":["https:\/\/neocogita.com\/ricordati-del-caffe\/"]}]},{"@type":"ImageObject","inLanguage":"en-US","@id":"https:\/\/neocogita.com\/ricordati-del-caffe\/#primaryimage","url":"","contentUrl":""},{"@type":"BreadcrumbList","@id":"https:\/\/neocogita.com\/ricordati-del-caffe\/#breadcrumb","itemListElement":[{"@type":"ListItem","position":1,"name":"Home","item":"https:\/\/neocogita.com\/"},{"@type":"ListItem","position":2,"name":"Ricordati del caff\u00e8 &#8211; pu\u00f2 aiutare la tua memoria!"}]},{"@type":"WebSite","@id":"https:\/\/neocogita.com\/#website","url":"https:\/\/neocogita.com\/","name":"Neocogita","description":"","publisher":{"@id":"https:\/\/neocogita.com\/#organization"},"potentialAction":[{"@type":"SearchAction","target":{"@type":"EntryPoint","urlTemplate":"https:\/\/neocogita.com\/?s={search_term_string}"},"query-input":{"@type":"PropertyValueSpecification","valueRequired":true,"valueName":"search_term_string"}}],"inLanguage":"en-US"},{"@type":"Organization","@id":"https:\/\/neocogita.com\/#organization","name":"Neocogita","url":"https:\/\/neocogita.com\/","logo":{"@type":"ImageObject","inLanguage":"en-US","@id":"https:\/\/neocogita.com\/#\/schema\/logo\/image\/","url":"https:\/\/neocogita.com\/wp-content\/uploads\/2022\/11\/logo.svg","contentUrl":"https:\/\/neocogita.com\/wp-content\/uploads\/2022\/11\/logo.svg","width":1,"height":1,"caption":"Neocogita"},"image":{"@id":"https:\/\/neocogita.com\/#\/schema\/logo\/image\/"},"sameAs":["https:\/\/www.facebook.com\/Neocogita\/","https:\/\/x.com\/Neocogita"]},{"@type":"Person","@id":"https:\/\/neocogita.com\/#\/schema\/person\/05d554da1176b5b1ceb05465c524ac9d","name":"adnminsp","image":{"@type":"ImageObject","inLanguage":"en-US","@id":"https:\/\/neocogita.com\/#\/schema\/person\/image\/","url":"https:\/\/secure.gravatar.com\/avatar\/331f09adff0eb3c89fac2759fbc83785b8785783e5764d9aed4c4932a559565d?s=96&d=mm&r=g","contentUrl":"https:\/\/secure.gravatar.com\/avatar\/331f09adff0eb3c89fac2759fbc83785b8785783e5764d9aed4c4932a559565d?s=96&d=mm&r=g","caption":"adnminsp"}}]}},"_links":{"self":[{"href":"https:\/\/neocogita.com\/en\/wp-json\/wp\/v2\/posts\/3793","targetHints":{"allow":["GET"]}}],"collection":[{"href":"https:\/\/neocogita.com\/en\/wp-json\/wp\/v2\/posts"}],"about":[{"href":"https:\/\/neocogita.com\/en\/wp-json\/wp\/v2\/types\/post"}],"author":[{"embeddable":true,"href":"https:\/\/neocogita.com\/en\/wp-json\/wp\/v2\/users\/582009"}],"replies":[{"embeddable":true,"href":"https:\/\/neocogita.com\/en\/wp-json\/wp\/v2\/comments?post=3793"}],"version-history":[{"count":0,"href":"https:\/\/neocogita.com\/en\/wp-json\/wp\/v2\/posts\/3793\/revisions"}],"wp:featuredmedia":[{"embeddable":true,"href":"https:\/\/neocogita.com\/en\/wp-json\/"}],"wp:attachment":[{"href":"https:\/\/neocogita.com\/en\/wp-json\/wp\/v2\/media?parent=3793"}],"wp:term":[{"taxonomy":"category","embeddable":true,"href":"https:\/\/neocogita.com\/en\/wp-json\/wp\/v2\/categories?post=3793"},{"taxonomy":"post_tag","embeddable":true,"href":"https:\/\/neocogita.com\/en\/wp-json\/wp\/v2\/tags?post=3793"},{"taxonomy":"dipi_cpt_category","embeddable":true,"href":"https:\/\/neocogita.com\/en\/wp-json\/wp\/v2\/dipi_cpt_category?post=3793"}],"curies":[{"name":"wp","href":"https:\/\/api.w.org\/{rel}","templated":true}]}}