{"id":4695,"date":"2014-09-16T10:53:52","date_gmt":"2014-09-16T08:53:52","guid":{"rendered":"https:\/\/neocogita.com\/?p=4695"},"modified":"2016-12-19T22:24:40","modified_gmt":"2016-12-19T21:24:40","slug":"24-anni-senza-cervelletto","status":"publish","type":"post","link":"https:\/\/neocogita.com\/en\/24-anni-senza-cervelletto\/","title":{"rendered":"24 anni senza cervelletto"},"content":{"rendered":"<h3><span style=\"line-height: 1.5em;\">Una ragazza cinese ventiquattrenne si \u00e8 presentata all\u2019ospedale \u00a0della provincia di Shandong lamentando vertigini e nausea. Ha riferito ai medici di aver avuto problemi a camminare per gran parte della sua vita.\u00a0<\/span><span style=\"line-height: 1.5em;\">La madre ha riportato che la figlia aveva cominciato a camminare appena a 7 anni, mentre il suo modo di parlare \u00e8 diventato intellegibile all\u2019et\u00e0 di 6 anni.<\/span><\/h3>\n<p>&nbsp;<\/p>\n<p>I medici hanno sottoposto la ragazza ad una TAC e hanno immediatamente trovato la fonte del problema: <strong>la completa mancanza del cervelletto<\/strong>. Lo spazio in cui si dovrebbe trovare era senza tessuto, riempito solamente di fluido cerebrospinale.<\/p>\n<p>&nbsp;<\/p>\n<p>Il cervelletto si trova in basso tra i due emisferi. Si distingue dal resto del cervello perch\u00e9 \u00e8 molto pi\u00f9 piccolo e compatto. Rappresenta circa il 10% del volume totale del cervello, ma contiene circa la met\u00e0 dei suoi neuroni. Il suo compito principale \u00e8 di controllare i movimenti volontari e l\u2019equilibrio, ma si pensa che sia anche coinvolto nella capacit\u00e0 di apprendere azioni motorie specifiche e il linguaggio.<\/p>\n<p>&nbsp;<\/p>\n<p>Si \u00e8 sentito parlare pi\u00f9 volte di persone che vivono senza parti di cervello (dalla nascita o in seguito a rimozioni chirurgiche), ma la ragazza in questione \u00e8 una dei solo nove individui vivi senza cervelletto. Non vi sono descrizioni dettagliate sugli effetti di questa mancanza in persone adulte, poich\u00e9 la maggior parte della gente in queste condizioni muore in giovane et\u00e0 e la causa del problema si scopre solo tramite autopsia.\u00a0Se si presentano problemi nel cervelletto, l\u2019individuo pu\u00f2 mostrare <strong>seri deficit mentali, difficolt\u00e0 di movimento, epilessia, o un accumulo di fluido nel cervello potenzialmente fatale<\/strong>.<\/p>\n<p>Ciononostante, la mancanza del cervelletto in questa donna ha causato solo lievi deficit motori o linguistici. <strong>I medici che l\u2019hanno seguita hanno parlato di effetti \u201cminori rispetto a quello che ci si aspetterebbe\u201d e hanno spiegato che il caso della ragazza \u00e8 una dimostrazione della straordinaria plasticit\u00e0 del cervello.\u00a0<\/strong>\u201cSono casi eccezionali che ci fanno capire come funzionano i circuiti cerebrali e come si compensano in mancanza di alcune parti\u201d, riporta Mario Mano, ricercatore in disordini cerebrali alla Libera Universit\u00e0 di Bruxelles.<\/p>\n<p>&nbsp;<\/p>\n<p>Fonte:<\/p>\n<p><a href=\"http:\/\/www.newscientist.com\/article\/mg22329861.900-woman-of-24-found-to-have-no-cerebellum-in-her-brain.html#.VBf2rksWzj3\">New Scientist<\/a><\/p>\n","protected":false},"excerpt":{"rendered":"<p>Una ragazza cinese ventiquattrenne si \u00e8 presentata all\u2019ospedale \u00a0della provincia di Shandong lamentando vertigini e nausea. Ha riferito ai medici di aver avuto problemi a camminare per gran parte della sua vita.\u00a0La madre ha riportato che la figlia aveva cominciato a camminare appena a 7 anni, mentre il suo modo di parlare \u00e8 diventato intellegibile [&hellip;]<\/p>\n","protected":false},"author":582009,"featured_media":4696,"comment_status":"closed","ping_status":"closed","sticky":false,"template":"","format":"standard","meta":{"_acf_changed":false,"_et_pb_use_builder":"","_et_pb_old_content":"","_et_gb_content_width":"","footnotes":""},"categories":[7],"tags":[143,144,139,12,21],"dipi_cpt_category":[],"class_list":["post-4695","post","type-post","status-publish","format-standard","has-post-thumbnail","hentry","category-news","tag-cervelletto","tag-deficit","tag-neuroni","tag-neuroscienze","tag-plasticita-cerebrale"],"acf":[],"yoast_head":"<!-- This site is optimized with the Yoast SEO plugin v23.9 - https:\/\/yoast.com\/wordpress\/plugins\/seo\/ -->\n<title>24 anni senza cervelletto - Neocogita<\/title>\n<meta name=\"robots\" content=\"index, follow, max-snippet:-1, max-image-preview:large, max-video-preview:-1\" \/>\n<link rel=\"canonical\" href=\"https:\/\/neocogita.com\/en\/24-anni-senza-cervelletto\/\" \/>\n<meta property=\"og:locale\" content=\"en_US\" \/>\n<meta property=\"og:type\" content=\"article\" \/>\n<meta property=\"og:title\" content=\"24 anni senza cervelletto - Neocogita\" \/>\n<meta property=\"og:description\" content=\"Una ragazza cinese ventiquattrenne si \u00e8 presentata all\u2019ospedale \u00a0della provincia di Shandong lamentando vertigini e nausea. Ha riferito ai medici di aver avuto problemi a camminare per gran parte della sua vita.\u00a0La madre ha riportato che la figlia aveva cominciato a camminare appena a 7 anni, mentre il suo modo di parlare \u00e8 diventato intellegibile [&hellip;]\" \/>\n<meta property=\"og:site_name\" content=\"Neocogita\" \/>\n<meta property=\"article:publisher\" content=\"https:\/\/www.facebook.com\/Neocogita\/\" \/>\n<meta property=\"article:published_time\" content=\"2014-09-16T08:53:52+00:00\" \/>\n<meta property=\"article:modified_time\" content=\"2016-12-19T21:24:40+00:00\" \/>\n<meta name=\"author\" content=\"adnminsp\" \/>\n<meta name=\"twitter:card\" content=\"summary_large_image\" \/>\n<meta name=\"twitter:creator\" content=\"@Neocogita\" \/>\n<meta name=\"twitter:site\" content=\"@Neocogita\" \/>\n<meta name=\"twitter:label1\" content=\"Written by\" \/>\n\t<meta name=\"twitter:data1\" content=\"adnminsp\" \/>\n\t<meta name=\"twitter:label2\" content=\"Est. reading time\" \/>\n\t<meta name=\"twitter:data2\" content=\"2 minutes\" \/>\n<script type=\"application\/ld+json\" class=\"yoast-schema-graph\">{\"@context\":\"https:\/\/schema.org\",\"@graph\":[{\"@type\":\"Article\",\"@id\":\"https:\/\/neocogita.com\/en\/24-anni-senza-cervelletto\/#article\",\"isPartOf\":{\"@id\":\"https:\/\/neocogita.com\/en\/24-anni-senza-cervelletto\/\"},\"author\":{\"name\":\"adnminsp\",\"@id\":\"https:\/\/neocogita.com\/#\/schema\/person\/05d554da1176b5b1ceb05465c524ac9d\"},\"headline\":\"24 anni senza cervelletto\",\"datePublished\":\"2014-09-16T08:53:52+00:00\",\"dateModified\":\"2016-12-19T21:24:40+00:00\",\"mainEntityOfPage\":{\"@id\":\"https:\/\/neocogita.com\/en\/24-anni-senza-cervelletto\/\"},\"wordCount\":350,\"publisher\":{\"@id\":\"https:\/\/neocogita.com\/#organization\"},\"image\":{\"@id\":\"https:\/\/neocogita.com\/en\/24-anni-senza-cervelletto\/#primaryimage\"},\"thumbnailUrl\":\"\",\"keywords\":[\"Cervelletto\",\"Deficit\",\"Neuroni\",\"Neuroscienze\",\"Plasticit\u00e0 cerebrale\"],\"articleSection\":[\"News\"],\"inLanguage\":\"en-US\"},{\"@type\":\"WebPage\",\"@id\":\"https:\/\/neocogita.com\/en\/24-anni-senza-cervelletto\/\",\"url\":\"https:\/\/neocogita.com\/en\/24-anni-senza-cervelletto\/\",\"name\":\"24 anni senza cervelletto - Neocogita\",\"isPartOf\":{\"@id\":\"https:\/\/neocogita.com\/#website\"},\"primaryImageOfPage\":{\"@id\":\"https:\/\/neocogita.com\/en\/24-anni-senza-cervelletto\/#primaryimage\"},\"image\":{\"@id\":\"https:\/\/neocogita.com\/en\/24-anni-senza-cervelletto\/#primaryimage\"},\"thumbnailUrl\":\"\",\"datePublished\":\"2014-09-16T08:53:52+00:00\",\"dateModified\":\"2016-12-19T21:24:40+00:00\",\"breadcrumb\":{\"@id\":\"https:\/\/neocogita.com\/en\/24-anni-senza-cervelletto\/#breadcrumb\"},\"inLanguage\":\"en-US\",\"potentialAction\":[{\"@type\":\"ReadAction\",\"target\":[\"https:\/\/neocogita.com\/en\/24-anni-senza-cervelletto\/\"]}]},{\"@type\":\"ImageObject\",\"inLanguage\":\"en-US\",\"@id\":\"https:\/\/neocogita.com\/en\/24-anni-senza-cervelletto\/#primaryimage\",\"url\":\"\",\"contentUrl\":\"\"},{\"@type\":\"BreadcrumbList\",\"@id\":\"https:\/\/neocogita.com\/en\/24-anni-senza-cervelletto\/#breadcrumb\",\"itemListElement\":[{\"@type\":\"ListItem\",\"position\":1,\"name\":\"Home\",\"item\":\"https:\/\/neocogita.com\/\"},{\"@type\":\"ListItem\",\"position\":2,\"name\":\"24 anni senza cervelletto\"}]},{\"@type\":\"WebSite\",\"@id\":\"https:\/\/neocogita.com\/#website\",\"url\":\"https:\/\/neocogita.com\/\",\"name\":\"Neocogita\",\"description\":\"\",\"publisher\":{\"@id\":\"https:\/\/neocogita.com\/#organization\"},\"potentialAction\":[{\"@type\":\"SearchAction\",\"target\":{\"@type\":\"EntryPoint\",\"urlTemplate\":\"https:\/\/neocogita.com\/?s={search_term_string}\"},\"query-input\":{\"@type\":\"PropertyValueSpecification\",\"valueRequired\":true,\"valueName\":\"search_term_string\"}}],\"inLanguage\":\"en-US\"},{\"@type\":\"Organization\",\"@id\":\"https:\/\/neocogita.com\/#organization\",\"name\":\"Neocogita\",\"url\":\"https:\/\/neocogita.com\/\",\"logo\":{\"@type\":\"ImageObject\",\"inLanguage\":\"en-US\",\"@id\":\"https:\/\/neocogita.com\/#\/schema\/logo\/image\/\",\"url\":\"https:\/\/neocogita.com\/wp-content\/uploads\/2022\/11\/logo.svg\",\"contentUrl\":\"https:\/\/neocogita.com\/wp-content\/uploads\/2022\/11\/logo.svg\",\"width\":1,\"height\":1,\"caption\":\"Neocogita\"},\"image\":{\"@id\":\"https:\/\/neocogita.com\/#\/schema\/logo\/image\/\"},\"sameAs\":[\"https:\/\/www.facebook.com\/Neocogita\/\",\"https:\/\/x.com\/Neocogita\"]},{\"@type\":\"Person\",\"@id\":\"https:\/\/neocogita.com\/#\/schema\/person\/05d554da1176b5b1ceb05465c524ac9d\",\"name\":\"adnminsp\",\"image\":{\"@type\":\"ImageObject\",\"inLanguage\":\"en-US\",\"@id\":\"https:\/\/neocogita.com\/#\/schema\/person\/image\/\",\"url\":\"https:\/\/secure.gravatar.com\/avatar\/331f09adff0eb3c89fac2759fbc83785b8785783e5764d9aed4c4932a559565d?s=96&d=mm&r=g\",\"contentUrl\":\"https:\/\/secure.gravatar.com\/avatar\/331f09adff0eb3c89fac2759fbc83785b8785783e5764d9aed4c4932a559565d?s=96&d=mm&r=g\",\"caption\":\"adnminsp\"}}]}<\/script>\n<!-- \/ Yoast SEO plugin. -->","yoast_head_json":{"title":"24 anni senza cervelletto - Neocogita","robots":{"index":"index","follow":"follow","max-snippet":"max-snippet:-1","max-image-preview":"max-image-preview:large","max-video-preview":"max-video-preview:-1"},"canonical":"https:\/\/neocogita.com\/en\/24-anni-senza-cervelletto\/","og_locale":"en_US","og_type":"article","og_title":"24 anni senza cervelletto - Neocogita","og_description":"Una ragazza cinese ventiquattrenne si \u00e8 presentata all\u2019ospedale \u00a0della provincia di Shandong lamentando vertigini e nausea. Ha riferito ai medici di aver avuto problemi a camminare per gran parte della sua vita.\u00a0La madre ha riportato che la figlia aveva cominciato a camminare appena a 7 anni, mentre il suo modo di parlare \u00e8 diventato intellegibile [&hellip;]","og_site_name":"Neocogita","article_publisher":"https:\/\/www.facebook.com\/Neocogita\/","article_published_time":"2014-09-16T08:53:52+00:00","article_modified_time":"2016-12-19T21:24:40+00:00","author":"adnminsp","twitter_card":"summary_large_image","twitter_creator":"@Neocogita","twitter_site":"@Neocogita","twitter_misc":{"Written by":"adnminsp","Est. reading time":"2 minutes"},"schema":{"@context":"https:\/\/schema.org","@graph":[{"@type":"Article","@id":"https:\/\/neocogita.com\/en\/24-anni-senza-cervelletto\/#article","isPartOf":{"@id":"https:\/\/neocogita.com\/en\/24-anni-senza-cervelletto\/"},"author":{"name":"adnminsp","@id":"https:\/\/neocogita.com\/#\/schema\/person\/05d554da1176b5b1ceb05465c524ac9d"},"headline":"24 anni senza cervelletto","datePublished":"2014-09-16T08:53:52+00:00","dateModified":"2016-12-19T21:24:40+00:00","mainEntityOfPage":{"@id":"https:\/\/neocogita.com\/en\/24-anni-senza-cervelletto\/"},"wordCount":350,"publisher":{"@id":"https:\/\/neocogita.com\/#organization"},"image":{"@id":"https:\/\/neocogita.com\/en\/24-anni-senza-cervelletto\/#primaryimage"},"thumbnailUrl":"","keywords":["Cervelletto","Deficit","Neuroni","Neuroscienze","Plasticit\u00e0 cerebrale"],"articleSection":["News"],"inLanguage":"en-US"},{"@type":"WebPage","@id":"https:\/\/neocogita.com\/en\/24-anni-senza-cervelletto\/","url":"https:\/\/neocogita.com\/en\/24-anni-senza-cervelletto\/","name":"24 anni senza cervelletto - Neocogita","isPartOf":{"@id":"https:\/\/neocogita.com\/#website"},"primaryImageOfPage":{"@id":"https:\/\/neocogita.com\/en\/24-anni-senza-cervelletto\/#primaryimage"},"image":{"@id":"https:\/\/neocogita.com\/en\/24-anni-senza-cervelletto\/#primaryimage"},"thumbnailUrl":"","datePublished":"2014-09-16T08:53:52+00:00","dateModified":"2016-12-19T21:24:40+00:00","breadcrumb":{"@id":"https:\/\/neocogita.com\/en\/24-anni-senza-cervelletto\/#breadcrumb"},"inLanguage":"en-US","potentialAction":[{"@type":"ReadAction","target":["https:\/\/neocogita.com\/en\/24-anni-senza-cervelletto\/"]}]},{"@type":"ImageObject","inLanguage":"en-US","@id":"https:\/\/neocogita.com\/en\/24-anni-senza-cervelletto\/#primaryimage","url":"","contentUrl":""},{"@type":"BreadcrumbList","@id":"https:\/\/neocogita.com\/en\/24-anni-senza-cervelletto\/#breadcrumb","itemListElement":[{"@type":"ListItem","position":1,"name":"Home","item":"https:\/\/neocogita.com\/"},{"@type":"ListItem","position":2,"name":"24 anni senza cervelletto"}]},{"@type":"WebSite","@id":"https:\/\/neocogita.com\/#website","url":"https:\/\/neocogita.com\/","name":"Neocogita","description":"","publisher":{"@id":"https:\/\/neocogita.com\/#organization"},"potentialAction":[{"@type":"SearchAction","target":{"@type":"EntryPoint","urlTemplate":"https:\/\/neocogita.com\/?s={search_term_string}"},"query-input":{"@type":"PropertyValueSpecification","valueRequired":true,"valueName":"search_term_string"}}],"inLanguage":"en-US"},{"@type":"Organization","@id":"https:\/\/neocogita.com\/#organization","name":"Neocogita","url":"https:\/\/neocogita.com\/","logo":{"@type":"ImageObject","inLanguage":"en-US","@id":"https:\/\/neocogita.com\/#\/schema\/logo\/image\/","url":"https:\/\/neocogita.com\/wp-content\/uploads\/2022\/11\/logo.svg","contentUrl":"https:\/\/neocogita.com\/wp-content\/uploads\/2022\/11\/logo.svg","width":1,"height":1,"caption":"Neocogita"},"image":{"@id":"https:\/\/neocogita.com\/#\/schema\/logo\/image\/"},"sameAs":["https:\/\/www.facebook.com\/Neocogita\/","https:\/\/x.com\/Neocogita"]},{"@type":"Person","@id":"https:\/\/neocogita.com\/#\/schema\/person\/05d554da1176b5b1ceb05465c524ac9d","name":"adnminsp","image":{"@type":"ImageObject","inLanguage":"en-US","@id":"https:\/\/neocogita.com\/#\/schema\/person\/image\/","url":"https:\/\/secure.gravatar.com\/avatar\/331f09adff0eb3c89fac2759fbc83785b8785783e5764d9aed4c4932a559565d?s=96&d=mm&r=g","contentUrl":"https:\/\/secure.gravatar.com\/avatar\/331f09adff0eb3c89fac2759fbc83785b8785783e5764d9aed4c4932a559565d?s=96&d=mm&r=g","caption":"adnminsp"}}]}},"_links":{"self":[{"href":"https:\/\/neocogita.com\/en\/wp-json\/wp\/v2\/posts\/4695","targetHints":{"allow":["GET"]}}],"collection":[{"href":"https:\/\/neocogita.com\/en\/wp-json\/wp\/v2\/posts"}],"about":[{"href":"https:\/\/neocogita.com\/en\/wp-json\/wp\/v2\/types\/post"}],"author":[{"embeddable":true,"href":"https:\/\/neocogita.com\/en\/wp-json\/wp\/v2\/users\/582009"}],"replies":[{"embeddable":true,"href":"https:\/\/neocogita.com\/en\/wp-json\/wp\/v2\/comments?post=4695"}],"version-history":[{"count":0,"href":"https:\/\/neocogita.com\/en\/wp-json\/wp\/v2\/posts\/4695\/revisions"}],"wp:featuredmedia":[{"embeddable":true,"href":"https:\/\/neocogita.com\/en\/wp-json\/"}],"wp:attachment":[{"href":"https:\/\/neocogita.com\/en\/wp-json\/wp\/v2\/media?parent=4695"}],"wp:term":[{"taxonomy":"category","embeddable":true,"href":"https:\/\/neocogita.com\/en\/wp-json\/wp\/v2\/categories?post=4695"},{"taxonomy":"post_tag","embeddable":true,"href":"https:\/\/neocogita.com\/en\/wp-json\/wp\/v2\/tags?post=4695"},{"taxonomy":"dipi_cpt_category","embeddable":true,"href":"https:\/\/neocogita.com\/en\/wp-json\/wp\/v2\/dipi_cpt_category?post=4695"}],"curies":[{"name":"wp","href":"https:\/\/api.w.org\/{rel}","templated":true}]}}