{"id":584418,"date":"2023-01-16T14:19:33","date_gmt":"2023-01-16T13:19:33","guid":{"rendered":"https:\/\/neocogita.com\/?p=584418"},"modified":"2023-01-16T14:19:33","modified_gmt":"2023-01-16T13:19:33","slug":"la-neurodiversita-nei-contesti-aziendali","status":"publish","type":"post","link":"https:\/\/neocogita.com\/en\/la-neurodiversita-nei-contesti-aziendali\/","title":{"rendered":"La neurodiversit\u00e0 nei contesti aziendali"},"content":{"rendered":"<p>La neurodiversit\u00e0 rappresenta la variet\u00e0 delle forme in cui il cervello di un individuo funziona e si sviluppa. Ci\u00f2 include diverse condizioni come l&#8217;autismo, il disturbo dello spettro bipolare, il disturbo d&#8217;ansia, la dislessia e altre ancora.<\/p>\n<p>L\u2019immagine descrive alcuni esempi di neurodiversit\u00e0 e ne elenca i principali punti di forza e di debolezza.<\/p>\n<p>&nbsp;<\/p>\n<p><img loading=\"lazy\" decoding=\"async\" class=\"wp-image-584419 alignnone\" src=\"https:\/\/neocogita.com\/wp-content\/uploads\/2023\/01\/tabella-neurodiversita-scaled.jpg\" alt=\"\" width=\"980\" height=\"551\" srcset=\"https:\/\/neocogita.com\/wp-content\/uploads\/2023\/01\/tabella-neurodiversita-980x551.jpg 980w, https:\/\/neocogita.com\/wp-content\/uploads\/2023\/01\/tabella-neurodiversita-480x270.jpg 480w\" sizes=\"auto, (min-width: 0px) and (max-width: 480px) 480px, (min-width: 481px) and (max-width: 980px) 980px, 100vw\" \/><\/p>\n<p>&nbsp;<\/p>\n<p>Negli ultimi anni, la neurodiversit\u00e0 \u00e8 diventata un tema sempre pi\u00f9 importante nel mondo del lavoro, in quanto molti datori di lavoro hanno iniziato a riconoscere l&#8217;importanza di includere e valorizzare le diverse capacit\u00e0 cognitive all&#8217;interno delle loro aziende.<\/p>\n<p>Incorporare la neurodiversit\u00e0 nell&#8217;ambiente lavorativo pu\u00f2 beneficiare sia gli individui che presentano tale condizione sia l&#8217;azienda stessa. Ci sono alcune azioni che le aziende possono intraprendere per promuovere la neurodiversit\u00e0 e creare un ambiente di lavoro inclusivo. Innanzitutto, \u00e8 importante sensibilizzare i dipendenti sul tema della neurodiversit\u00e0 e su come le diverse capacit\u00e0 cognitive possono essere valorizzate all&#8217;interno dell&#8217;azienda.<\/p>\n<p>Le aziende dovrebbero anche essere aperte a modificare i loro processi lavorativi per adattarli alle esigenze dei dipendenti con condizioni di neurodiversit\u00e0. Ad esempio, questi dipendenti potrebbero aver bisogno di pi\u00f9 tempo per elaborare le informazioni o di un ambiente di lavoro meno rumoroso. Potrebbe essere loro necessario del tempo aggiuntivo o l&#8217;accesso a tecnologie di assistenza. Adottare queste modifiche pu\u00f2 aiutare a garantire che i dipendenti con condizioni di neurodiversit\u00e0 possano lavorare al meglio delle loro capacit\u00e0.<\/p>\n<p>&nbsp;<\/p>\n<h3>Benefici per l&#8217;intera azienda<\/h3>\n<p>Incorporare la neurodiversit\u00e0 nell&#8217;ambiente lavorativo pu\u00f2 portare a diversi benefici per le aziende. Ecco alcuni esempi:<\/p>\n<ol>\n<li><strong>Maggiore diversit\u00e0 di pensiero e di approccio al lavoro<\/strong>: le aziende che assumono dipendenti con diverse capacit\u00e0 cognitive possono trarre vantaggio dalla loro diversit\u00e0 di pensiero e di approccio al lavoro. Ci\u00f2 pu\u00f2 portare a soluzioni creative e innovative ai problemi aziendali.<\/li>\n<li><strong>Riduzione del tasso di turnover<\/strong>: creare un ambiente di lavoro inclusivo pu\u00f2 aumentare la fedelt\u00e0 dei dipendenti e la loro soddisfazione lavorativa, riducendo al contempo il tasso di turnover. Ci\u00f2 pu\u00f2 far risparmiare tempo e denaro all&#8217;azienda, che altrimenti dovrebbe dedicare a reclutare e formare nuovi dipendenti.<\/li>\n<li><strong>Miglioramento dell&#8217;immagine e della reputazione aziendale<\/strong>: le aziende che dimostrano di essere sensibili alle esigenze dei dipendenti con condizioni di neurodiversit\u00e0 e che si impegnano a creare un ambiente inclusivo possono migliorare la loro reputazione e attrarre talenti.<\/li>\n<li><strong>Aumento della produttivit\u00e0<\/strong>: fornire supporto e risorse ai dipendenti con condizioni di neurodiversit\u00e0 pu\u00f2 aiutarli a lavorare al meglio delle loro capacit\u00e0, aumentando la loro produttivit\u00e0.<\/li>\n<\/ol>\n<p>&nbsp;<\/p>\n<h3>Neurodiversit\u00e0 e obiettivi ESG<\/h3>\n<p>I programmi di neurodiversit\u00e0 possono contribuire anche al raggiungimento degli obiettivi di sostenibilit\u00e0 ambientale, sociale e di governance (ESG) in diversi modi.<\/p>\n<ol>\n<li><strong>Sostenibilit\u00e0 ambientale<\/strong>: le aziende che includono individui con condizioni di neurodiversit\u00e0 possono contribuire a promuovere la diversit\u00e0 all&#8217;interno dell&#8217;organizzazione, che a sua volta pu\u00f2 aiutare a sviluppare soluzioni pi\u00f9 creative e innovative ai problemi ambientali.<\/li>\n<li><strong>Sostenibilit\u00e0 sociale<\/strong>: i programmi di neurodiversit\u00e0 possono contribuire a promuovere l&#8217;inclusione e la diversit\u00e0 all&#8217;interno dell&#8217;azienda, aiutando a creare un ambiente di lavoro inclusivo e soddisfacente per tutti i dipendenti. Ci\u00f2 pu\u00f2 aumentare la soddisfazione dei dipendenti e la loro fedelt\u00e0, riducendo al contempo il tasso di turnover.<\/li>\n<li><strong>Governance<\/strong>: le aziende che dimostrano di essere sensibili alle esigenze dei dipendenti con condizioni di neurodiversit\u00e0 e che si impegnano a creare un ambiente inclusivo possono migliorare la loro reputazione e attrarre talenti, contribuendo cos\u00ec a rafforzare la loro governance.<\/li>\n<\/ol>\n<p>Incorporare la neurodiversit\u00e0 nell&#8217;ambiente lavorativo pu\u00f2 quindi aiutare le aziende a raggiungere gli obiettivi ESG, promuovendo la sostenibilit\u00e0 ambientale, la sostenibilit\u00e0 sociale e la buona governance.<\/p>\n","protected":false},"excerpt":{"rendered":"<p>La neurodiversit\u00e0 rappresenta la variet\u00e0 delle forme in cui il cervello di un individuo funziona e si sviluppa. Ci\u00f2 include diverse condizioni come l&#8217;autismo, il disturbo dello spettro bipolare, il disturbo d&#8217;ansia, la dislessia e altre ancora. L\u2019immagine descrive alcuni esempi di neurodiversit\u00e0 e ne elenca i principali punti di forza e di debolezza. &nbsp; [&hellip;]<\/p>\n","protected":false},"author":582009,"featured_media":584421,"comment_status":"open","ping_status":"closed","sticky":false,"template":"","format":"standard","meta":{"_acf_changed":false,"_et_pb_use_builder":"","_et_pb_old_content":"","_et_gb_content_width":"","footnotes":""},"categories":[255,379],"tags":[],"dipi_cpt_category":[],"class_list":["post-584418","post","type-post","status-publish","format-standard","has-post-thumbnail","hentry","category-brain-facts","category-brain-wellness"],"acf":[],"yoast_head":"<!-- This site is optimized with the Yoast SEO plugin v23.9 - https:\/\/yoast.com\/wordpress\/plugins\/seo\/ -->\n<title>La neurodiversit\u00e0 nei contesti aziendali - Neocogita<\/title>\n<meta name=\"robots\" content=\"index, follow, max-snippet:-1, max-image-preview:large, max-video-preview:-1\" \/>\n<link rel=\"canonical\" href=\"https:\/\/neocogita.com\/la-neurodiversita-nei-contesti-aziendali\/\" \/>\n<meta property=\"og:locale\" content=\"en_US\" \/>\n<meta property=\"og:type\" content=\"article\" \/>\n<meta property=\"og:title\" content=\"La neurodiversit\u00e0 nei contesti aziendali - Neocogita\" \/>\n<meta property=\"og:description\" content=\"La neurodiversit\u00e0 rappresenta la variet\u00e0 delle forme in cui il cervello di un individuo funziona e si sviluppa. Ci\u00f2 include diverse condizioni come l&#8217;autismo, il disturbo dello spettro bipolare, il disturbo d&#8217;ansia, la dislessia e altre ancora. L\u2019immagine descrive alcuni esempi di neurodiversit\u00e0 e ne elenca i principali punti di forza e di debolezza. &nbsp; [&hellip;]\" \/>\n<meta property=\"og:site_name\" content=\"Neocogita\" \/>\n<meta property=\"article:publisher\" content=\"https:\/\/www.facebook.com\/Neocogita\/\" \/>\n<meta property=\"article:published_time\" content=\"2023-01-16T13:19:33+00:00\" \/>\n<meta property=\"og:image\" content=\"https:\/\/neocogita.com\/wp-content\/uploads\/2023\/01\/Neurodiversita3-q.jpg\" \/>\n\t<meta property=\"og:image:width\" content=\"720\" \/>\n\t<meta property=\"og:image:height\" content=\"719\" \/>\n\t<meta property=\"og:image:type\" content=\"image\/jpeg\" \/>\n<meta name=\"author\" content=\"adnminsp\" \/>\n<meta name=\"twitter:card\" content=\"summary_large_image\" \/>\n<meta name=\"twitter:creator\" content=\"@Neocogita\" \/>\n<meta name=\"twitter:site\" content=\"@Neocogita\" \/>\n<meta name=\"twitter:label1\" content=\"Written by\" \/>\n\t<meta name=\"twitter:data1\" content=\"adnminsp\" \/>\n\t<meta name=\"twitter:label2\" content=\"Est. reading time\" \/>\n\t<meta name=\"twitter:data2\" content=\"5 minutes\" \/>\n<script type=\"application\/ld+json\" class=\"yoast-schema-graph\">{\"@context\":\"https:\/\/schema.org\",\"@graph\":[{\"@type\":\"Article\",\"@id\":\"https:\/\/neocogita.com\/la-neurodiversita-nei-contesti-aziendali\/#article\",\"isPartOf\":{\"@id\":\"https:\/\/neocogita.com\/la-neurodiversita-nei-contesti-aziendali\/\"},\"author\":{\"name\":\"adnminsp\",\"@id\":\"https:\/\/neocogita.com\/#\/schema\/person\/05d554da1176b5b1ceb05465c524ac9d\"},\"headline\":\"La neurodiversit\u00e0 nei contesti aziendali\",\"datePublished\":\"2023-01-16T13:19:33+00:00\",\"dateModified\":\"2023-01-16T13:19:33+00:00\",\"mainEntityOfPage\":{\"@id\":\"https:\/\/neocogita.com\/la-neurodiversita-nei-contesti-aziendali\/\"},\"wordCount\":605,\"commentCount\":0,\"publisher\":{\"@id\":\"https:\/\/neocogita.com\/#organization\"},\"image\":{\"@id\":\"https:\/\/neocogita.com\/la-neurodiversita-nei-contesti-aziendali\/#primaryimage\"},\"thumbnailUrl\":\"https:\/\/neocogita.com\/wp-content\/uploads\/2023\/01\/Neurodiversita3-q.jpg\",\"articleSection\":[\"Brain Facts\",\"Brain Wellness\u00ae\"],\"inLanguage\":\"en-US\",\"potentialAction\":[{\"@type\":\"CommentAction\",\"name\":\"Comment\",\"target\":[\"https:\/\/neocogita.com\/la-neurodiversita-nei-contesti-aziendali\/#respond\"]}]},{\"@type\":\"WebPage\",\"@id\":\"https:\/\/neocogita.com\/la-neurodiversita-nei-contesti-aziendali\/\",\"url\":\"https:\/\/neocogita.com\/la-neurodiversita-nei-contesti-aziendali\/\",\"name\":\"La neurodiversit\u00e0 nei contesti aziendali - Neocogita\",\"isPartOf\":{\"@id\":\"https:\/\/neocogita.com\/#website\"},\"primaryImageOfPage\":{\"@id\":\"https:\/\/neocogita.com\/la-neurodiversita-nei-contesti-aziendali\/#primaryimage\"},\"image\":{\"@id\":\"https:\/\/neocogita.com\/la-neurodiversita-nei-contesti-aziendali\/#primaryimage\"},\"thumbnailUrl\":\"https:\/\/neocogita.com\/wp-content\/uploads\/2023\/01\/Neurodiversita3-q.jpg\",\"datePublished\":\"2023-01-16T13:19:33+00:00\",\"dateModified\":\"2023-01-16T13:19:33+00:00\",\"breadcrumb\":{\"@id\":\"https:\/\/neocogita.com\/la-neurodiversita-nei-contesti-aziendali\/#breadcrumb\"},\"inLanguage\":\"en-US\",\"potentialAction\":[{\"@type\":\"ReadAction\",\"target\":[\"https:\/\/neocogita.com\/la-neurodiversita-nei-contesti-aziendali\/\"]}]},{\"@type\":\"ImageObject\",\"inLanguage\":\"en-US\",\"@id\":\"https:\/\/neocogita.com\/la-neurodiversita-nei-contesti-aziendali\/#primaryimage\",\"url\":\"https:\/\/neocogita.com\/wp-content\/uploads\/2023\/01\/Neurodiversita3-q.jpg\",\"contentUrl\":\"https:\/\/neocogita.com\/wp-content\/uploads\/2023\/01\/Neurodiversita3-q.jpg\",\"width\":720,\"height\":719},{\"@type\":\"BreadcrumbList\",\"@id\":\"https:\/\/neocogita.com\/la-neurodiversita-nei-contesti-aziendali\/#breadcrumb\",\"itemListElement\":[{\"@type\":\"ListItem\",\"position\":1,\"name\":\"Home\",\"item\":\"https:\/\/neocogita.com\/\"},{\"@type\":\"ListItem\",\"position\":2,\"name\":\"La neurodiversit\u00e0 nei contesti aziendali\"}]},{\"@type\":\"WebSite\",\"@id\":\"https:\/\/neocogita.com\/#website\",\"url\":\"https:\/\/neocogita.com\/\",\"name\":\"Neocogita\",\"description\":\"\",\"publisher\":{\"@id\":\"https:\/\/neocogita.com\/#organization\"},\"potentialAction\":[{\"@type\":\"SearchAction\",\"target\":{\"@type\":\"EntryPoint\",\"urlTemplate\":\"https:\/\/neocogita.com\/?s={search_term_string}\"},\"query-input\":{\"@type\":\"PropertyValueSpecification\",\"valueRequired\":true,\"valueName\":\"search_term_string\"}}],\"inLanguage\":\"en-US\"},{\"@type\":\"Organization\",\"@id\":\"https:\/\/neocogita.com\/#organization\",\"name\":\"Neocogita\",\"url\":\"https:\/\/neocogita.com\/\",\"logo\":{\"@type\":\"ImageObject\",\"inLanguage\":\"en-US\",\"@id\":\"https:\/\/neocogita.com\/#\/schema\/logo\/image\/\",\"url\":\"https:\/\/neocogita.com\/wp-content\/uploads\/2022\/11\/logo.svg\",\"contentUrl\":\"https:\/\/neocogita.com\/wp-content\/uploads\/2022\/11\/logo.svg\",\"width\":1,\"height\":1,\"caption\":\"Neocogita\"},\"image\":{\"@id\":\"https:\/\/neocogita.com\/#\/schema\/logo\/image\/\"},\"sameAs\":[\"https:\/\/www.facebook.com\/Neocogita\/\",\"https:\/\/x.com\/Neocogita\"]},{\"@type\":\"Person\",\"@id\":\"https:\/\/neocogita.com\/#\/schema\/person\/05d554da1176b5b1ceb05465c524ac9d\",\"name\":\"adnminsp\",\"image\":{\"@type\":\"ImageObject\",\"inLanguage\":\"en-US\",\"@id\":\"https:\/\/neocogita.com\/#\/schema\/person\/image\/\",\"url\":\"https:\/\/secure.gravatar.com\/avatar\/331f09adff0eb3c89fac2759fbc83785b8785783e5764d9aed4c4932a559565d?s=96&d=mm&r=g\",\"contentUrl\":\"https:\/\/secure.gravatar.com\/avatar\/331f09adff0eb3c89fac2759fbc83785b8785783e5764d9aed4c4932a559565d?s=96&d=mm&r=g\",\"caption\":\"adnminsp\"}}]}<\/script>\n<!-- \/ Yoast SEO plugin. -->","yoast_head_json":{"title":"La neurodiversit\u00e0 nei contesti aziendali - Neocogita","robots":{"index":"index","follow":"follow","max-snippet":"max-snippet:-1","max-image-preview":"max-image-preview:large","max-video-preview":"max-video-preview:-1"},"canonical":"https:\/\/neocogita.com\/la-neurodiversita-nei-contesti-aziendali\/","og_locale":"en_US","og_type":"article","og_title":"La neurodiversit\u00e0 nei contesti aziendali - Neocogita","og_description":"La neurodiversit\u00e0 rappresenta la variet\u00e0 delle forme in cui il cervello di un individuo funziona e si sviluppa. Ci\u00f2 include diverse condizioni come l&#8217;autismo, il disturbo dello spettro bipolare, il disturbo d&#8217;ansia, la dislessia e altre ancora. L\u2019immagine descrive alcuni esempi di neurodiversit\u00e0 e ne elenca i principali punti di forza e di debolezza. &nbsp; [&hellip;]","og_site_name":"Neocogita","article_publisher":"https:\/\/www.facebook.com\/Neocogita\/","article_published_time":"2023-01-16T13:19:33+00:00","og_image":[{"width":720,"height":719,"url":"https:\/\/neocogita.com\/wp-content\/uploads\/2023\/01\/Neurodiversita3-q.jpg","type":"image\/jpeg"}],"author":"adnminsp","twitter_card":"summary_large_image","twitter_creator":"@Neocogita","twitter_site":"@Neocogita","twitter_misc":{"Written by":"adnminsp","Est. reading time":"5 minutes"},"schema":{"@context":"https:\/\/schema.org","@graph":[{"@type":"Article","@id":"https:\/\/neocogita.com\/la-neurodiversita-nei-contesti-aziendali\/#article","isPartOf":{"@id":"https:\/\/neocogita.com\/la-neurodiversita-nei-contesti-aziendali\/"},"author":{"name":"adnminsp","@id":"https:\/\/neocogita.com\/#\/schema\/person\/05d554da1176b5b1ceb05465c524ac9d"},"headline":"La neurodiversit\u00e0 nei contesti aziendali","datePublished":"2023-01-16T13:19:33+00:00","dateModified":"2023-01-16T13:19:33+00:00","mainEntityOfPage":{"@id":"https:\/\/neocogita.com\/la-neurodiversita-nei-contesti-aziendali\/"},"wordCount":605,"commentCount":0,"publisher":{"@id":"https:\/\/neocogita.com\/#organization"},"image":{"@id":"https:\/\/neocogita.com\/la-neurodiversita-nei-contesti-aziendali\/#primaryimage"},"thumbnailUrl":"https:\/\/neocogita.com\/wp-content\/uploads\/2023\/01\/Neurodiversita3-q.jpg","articleSection":["Brain Facts","Brain Wellness\u00ae"],"inLanguage":"en-US","potentialAction":[{"@type":"CommentAction","name":"Comment","target":["https:\/\/neocogita.com\/la-neurodiversita-nei-contesti-aziendali\/#respond"]}]},{"@type":"WebPage","@id":"https:\/\/neocogita.com\/la-neurodiversita-nei-contesti-aziendali\/","url":"https:\/\/neocogita.com\/la-neurodiversita-nei-contesti-aziendali\/","name":"La neurodiversit\u00e0 nei contesti aziendali - Neocogita","isPartOf":{"@id":"https:\/\/neocogita.com\/#website"},"primaryImageOfPage":{"@id":"https:\/\/neocogita.com\/la-neurodiversita-nei-contesti-aziendali\/#primaryimage"},"image":{"@id":"https:\/\/neocogita.com\/la-neurodiversita-nei-contesti-aziendali\/#primaryimage"},"thumbnailUrl":"https:\/\/neocogita.com\/wp-content\/uploads\/2023\/01\/Neurodiversita3-q.jpg","datePublished":"2023-01-16T13:19:33+00:00","dateModified":"2023-01-16T13:19:33+00:00","breadcrumb":{"@id":"https:\/\/neocogita.com\/la-neurodiversita-nei-contesti-aziendali\/#breadcrumb"},"inLanguage":"en-US","potentialAction":[{"@type":"ReadAction","target":["https:\/\/neocogita.com\/la-neurodiversita-nei-contesti-aziendali\/"]}]},{"@type":"ImageObject","inLanguage":"en-US","@id":"https:\/\/neocogita.com\/la-neurodiversita-nei-contesti-aziendali\/#primaryimage","url":"https:\/\/neocogita.com\/wp-content\/uploads\/2023\/01\/Neurodiversita3-q.jpg","contentUrl":"https:\/\/neocogita.com\/wp-content\/uploads\/2023\/01\/Neurodiversita3-q.jpg","width":720,"height":719},{"@type":"BreadcrumbList","@id":"https:\/\/neocogita.com\/la-neurodiversita-nei-contesti-aziendali\/#breadcrumb","itemListElement":[{"@type":"ListItem","position":1,"name":"Home","item":"https:\/\/neocogita.com\/"},{"@type":"ListItem","position":2,"name":"La neurodiversit\u00e0 nei contesti aziendali"}]},{"@type":"WebSite","@id":"https:\/\/neocogita.com\/#website","url":"https:\/\/neocogita.com\/","name":"Neocogita","description":"","publisher":{"@id":"https:\/\/neocogita.com\/#organization"},"potentialAction":[{"@type":"SearchAction","target":{"@type":"EntryPoint","urlTemplate":"https:\/\/neocogita.com\/?s={search_term_string}"},"query-input":{"@type":"PropertyValueSpecification","valueRequired":true,"valueName":"search_term_string"}}],"inLanguage":"en-US"},{"@type":"Organization","@id":"https:\/\/neocogita.com\/#organization","name":"Neocogita","url":"https:\/\/neocogita.com\/","logo":{"@type":"ImageObject","inLanguage":"en-US","@id":"https:\/\/neocogita.com\/#\/schema\/logo\/image\/","url":"https:\/\/neocogita.com\/wp-content\/uploads\/2022\/11\/logo.svg","contentUrl":"https:\/\/neocogita.com\/wp-content\/uploads\/2022\/11\/logo.svg","width":1,"height":1,"caption":"Neocogita"},"image":{"@id":"https:\/\/neocogita.com\/#\/schema\/logo\/image\/"},"sameAs":["https:\/\/www.facebook.com\/Neocogita\/","https:\/\/x.com\/Neocogita"]},{"@type":"Person","@id":"https:\/\/neocogita.com\/#\/schema\/person\/05d554da1176b5b1ceb05465c524ac9d","name":"adnminsp","image":{"@type":"ImageObject","inLanguage":"en-US","@id":"https:\/\/neocogita.com\/#\/schema\/person\/image\/","url":"https:\/\/secure.gravatar.com\/avatar\/331f09adff0eb3c89fac2759fbc83785b8785783e5764d9aed4c4932a559565d?s=96&d=mm&r=g","contentUrl":"https:\/\/secure.gravatar.com\/avatar\/331f09adff0eb3c89fac2759fbc83785b8785783e5764d9aed4c4932a559565d?s=96&d=mm&r=g","caption":"adnminsp"}}]}},"_links":{"self":[{"href":"https:\/\/neocogita.com\/en\/wp-json\/wp\/v2\/posts\/584418","targetHints":{"allow":["GET"]}}],"collection":[{"href":"https:\/\/neocogita.com\/en\/wp-json\/wp\/v2\/posts"}],"about":[{"href":"https:\/\/neocogita.com\/en\/wp-json\/wp\/v2\/types\/post"}],"author":[{"embeddable":true,"href":"https:\/\/neocogita.com\/en\/wp-json\/wp\/v2\/users\/582009"}],"replies":[{"embeddable":true,"href":"https:\/\/neocogita.com\/en\/wp-json\/wp\/v2\/comments?post=584418"}],"version-history":[{"count":0,"href":"https:\/\/neocogita.com\/en\/wp-json\/wp\/v2\/posts\/584418\/revisions"}],"wp:featuredmedia":[{"embeddable":true,"href":"https:\/\/neocogita.com\/en\/wp-json\/wp\/v2\/media\/584421"}],"wp:attachment":[{"href":"https:\/\/neocogita.com\/en\/wp-json\/wp\/v2\/media?parent=584418"}],"wp:term":[{"taxonomy":"category","embeddable":true,"href":"https:\/\/neocogita.com\/en\/wp-json\/wp\/v2\/categories?post=584418"},{"taxonomy":"post_tag","embeddable":true,"href":"https:\/\/neocogita.com\/en\/wp-json\/wp\/v2\/tags?post=584418"},{"taxonomy":"dipi_cpt_category","embeddable":true,"href":"https:\/\/neocogita.com\/en\/wp-json\/wp\/v2\/dipi_cpt_category?post=584418"}],"curies":[{"name":"wp","href":"https:\/\/api.w.org\/{rel}","templated":true}]}}