{"id":584622,"date":"2023-08-10T13:50:06","date_gmt":"2023-08-10T11:50:06","guid":{"rendered":"https:\/\/neocogita.com\/?p=584622"},"modified":"2023-08-10T13:50:06","modified_gmt":"2023-08-10T11:50:06","slug":"quale-eta-conta-davvero-limportanza-di-conoscere-la-propria-eta-funzionale","status":"publish","type":"post","link":"https:\/\/neocogita.com\/en\/quale-eta-conta-davvero-limportanza-di-conoscere-la-propria-eta-funzionale\/","title":{"rendered":"Quale et\u00e0 conta davvero? L&#8217;importanza di conoscere la propria et\u00e0 funzionale"},"content":{"rendered":"<p>&nbsp;<\/p>\n<p>Se ti sei mai chiesto perch\u00e9 alcune persone sembrino molto pi\u00f9 giovani di altre pur avendo la stessa et\u00e0, la risposta \u00e8 semplice.<br \/>\nL&#8217;et\u00e0 alla quale siamo soliti riferirci, ovvero quella anagrafica, non \u00e8 adeguata n\u00e9 sufficiente per fare questo tipo di confronto. Infatti, se quest\u2019ultima rappresenta semplicemente il numero di anni che una persona ha vissuto, esistono altri indicatori che prendono in considerazione la qualit\u00e0 del tempo vissuto, tra cui l\u2019et\u00e0 funzionale.<\/p>\n<p><img loading=\"lazy\" decoding=\"async\" class=\"wp-image-584659 size-medium aligncenter\" src=\"https:\/\/neocogita.com\/wp-content\/uploads\/2023\/08\/290-Sport-e-salute-290x318-1-274x300.jpg\" alt=\"\" width=\"274\" height=\"300\" \/><\/p>\n<h3>Oltre l\u2019et\u00e0 anagrafica<\/h3>\n<p>L\u2019<strong>et\u00e0 funzionale<\/strong> fa riferimento a come una persona funziona fisicamente e mentalmente rispetto a ci\u00f2 che ci si aspetterebbe in base alla sua et\u00e0 cronologica. In altre parole, piuttosto che concentrarsi sugli anni di vita di una persona, <strong>si focalizza sulle sue capacit\u00e0 funzionali.<\/strong><br \/>\nInoltre, questa permette di apprezzare in tempo reale i cambiamenti nella salute complessiva dovuti agli interventi che vengono messi in atto.<br \/>\nSe, per esempio, una persona stabilisce una routine per migliorare una determinata area, grazie all\u2019et\u00e0 funzionale sar\u00e0 in grado di osservarne l\u2019efficacia gi\u00e0 nei primi tre mesi. Questa caratteristica si rivela indispensabile per coloro che desiderano tenere traccia della propria condizione e delle proprie attivit\u00e0, evitando la perdita di motivazione dovuta al non vedere riconosciuti i propri sforzi.<\/p>\n<h3>Come si misura l\u2019et\u00e0 funzionale?<\/h3>\n<p>Alla base di questa misurazione vi \u00e8 l\u2019integrazione di diversi fattori che influenzano il nostro benessere, fisico e mentale. Tra questi possiamo trovare:<\/p>\n<ul>\n<li><strong>Salute fisica:<\/strong> alimentazione, attivit\u00e0 fisica, livelli di energia;<\/li>\n<li><strong>Salute mentale<\/strong>: umore, cognizione, qualit\u00e0 del sonno;<\/li>\n<li><strong>Genetica<\/strong>: lunghezza dei telomeri (protettori dei cromosomi), geni associati a malattie;<\/li>\n<li><strong>Ambiente<\/strong>: qualit\u00e0 dell\u2019aria, accesso a cure mediche;<\/li>\n<li><strong>Fattori socioculturali<\/strong>: supporto sociale, istruzione, esperienze di vita.<\/li>\n<\/ul>\n<p>Per misurare le varie componenti vengono effettuati diversi test che spaziano da prove di forza e resistenza muscolare, ad esami del sangue, fino a questionari e test neuropsicologici.<br \/>\nUna volta registrati questi parametri, un algoritmo li confronta con i fattori dell&#8217;et\u00e0 cronologica per avere una stima dell&#8217;et\u00e0 funzionale che rispecchia le prestazioni fisiche e cognitive delle persone nella loro vita quotidiana.<br \/>\nCi\u00f2 vuol dire che ogni cambiamento di stile di vita, anche il pi\u00f9 piccolo, sar\u00e0 visibile, permettendo alle persone di ricevere feedback positivi anche nel breve termine e pertanto di rimanere motivati e consapevoli dei propri progressi.<\/p>\n<h3>Perch\u00e9 parlare di et\u00e0 funzionale?<\/h3>\n<p>Gli individui con un\u2019et\u00e0 funzionale minore hanno tassi di mortalit\u00e0 significativamente pi\u00f9 bassi rispetto a quelli con et\u00e0 funzionale maggiore. Ovviamente, bisogna tenere presente che la sua misurazione pu\u00f2 variare a seconda delle metodologie utilizzate, sia per il rilevamento dei parametri che per la loro analisi. Tuttavia, conoscere e monitorare la propria et\u00e0 funzionale si pu\u00f2 rivelare utile per diversi motivi:<\/p>\n<ul>\n<li><strong>Consapevolezza<\/strong>: se l\u2019et\u00e0 anagrafica \u201c\u00e8 solo un numero\u201d, quella funzionale non lo \u00e8. Valutare la funzionalit\u00e0 del corpo e della mente aiuta a vedere il benessere sotto una luce diversa e a prendere decisioni pi\u00f9 mirate;<\/li>\n<li><strong>Motivazione<\/strong>: scoprire che la propria et\u00e0 funzionale \u00e8 superiore a quella anagrafica pu\u00f2 incentivare a mettere in atto cambiamenti nello stile di vita;<\/li>\n<li><strong>Prevenzione<\/strong>: un\u2019et\u00e0 funzionale alta potrebbe indicare anche un rischio maggiore di malattie croniche o condizioni mediche, motivando le persone a misure preventive;<\/li>\n<li><strong>Personalizzazione<\/strong>: basarsi sulla valutazione funzionale permette di adattare i programmi di intervento in maniera pi\u00f9 specifica alle diverse esigenze.<\/li>\n<\/ul>\n<h3>Conclusione<\/h3>\n<p>La conoscenza dell&#8217;et\u00e0 funzionale pu\u00f2 rappresentare dunque un ottimo strumento per monitorare la propria salute complessiva e l&#8217;impatto su quest&#8217;ultima dello stile di vita. Comprendere gli effetti di determinate abitudini pu\u00f2 incoraggiare la messa in atto di misure proattive, dalla prevenzione all&#8217;intervento.<\/p>\n<p>In definitiva, mentre l&#8217;et\u00e0 anagrafica fornisce una semplice misura del tempo trascorso, <strong>l&#8217;et\u00e0 <\/strong><strong>funzionale offre una visione molto pi\u00f9 ricca e complessa della salute e del benessere<\/strong>. Essa incarna la filosofia che non si tratta solo di vivere pi\u00f9 a lungo, ma di vivere meglio.<br \/>\nOgnuno di noi ha il potere di influenzare la propria et\u00e0 funzionale e, di conseguenza, la qualit\u00e0 e la durata della propria vita.<\/p>\n<p>&nbsp;<\/p>\n","protected":false},"excerpt":{"rendered":"<p>&nbsp; Se ti sei mai chiesto perch\u00e9 alcune persone sembrino molto pi\u00f9 giovani di altre pur avendo la stessa et\u00e0, la risposta \u00e8 semplice. L&#8217;et\u00e0 alla quale siamo soliti riferirci, ovvero quella anagrafica, non \u00e8 adeguata n\u00e9 sufficiente per fare questo tipo di confronto. Infatti, se quest\u2019ultima rappresenta semplicemente il numero di anni che una [&hellip;]<\/p>\n","protected":false},"author":582012,"featured_media":0,"comment_status":"open","ping_status":"closed","sticky":false,"template":"","format":"standard","meta":{"_acf_changed":false,"_et_pb_use_builder":"","_et_pb_old_content":"","_et_gb_content_width":"","footnotes":""},"categories":[255,379],"tags":[],"dipi_cpt_category":[],"class_list":["post-584622","post","type-post","status-publish","format-standard","hentry","category-brain-facts","category-brain-wellness"],"acf":[],"yoast_head":"<!-- This site is optimized with the Yoast SEO plugin v23.9 - https:\/\/yoast.com\/wordpress\/plugins\/seo\/ -->\n<title>Quale et\u00e0 conta davvero? L&#039;importanza di conoscere la propria et\u00e0 funzionale - Neocogita<\/title>\n<meta name=\"robots\" content=\"index, follow, max-snippet:-1, max-image-preview:large, max-video-preview:-1\" \/>\n<link rel=\"canonical\" href=\"https:\/\/neocogita.com\/quale-eta-conta-davvero-limportanza-di-conoscere-la-propria-eta-funzionale\/\" \/>\n<meta property=\"og:locale\" content=\"en_US\" \/>\n<meta property=\"og:type\" content=\"article\" \/>\n<meta property=\"og:title\" content=\"Quale et\u00e0 conta davvero? L&#039;importanza di conoscere la propria et\u00e0 funzionale - Neocogita\" \/>\n<meta property=\"og:description\" content=\"&nbsp; Se ti sei mai chiesto perch\u00e9 alcune persone sembrino molto pi\u00f9 giovani di altre pur avendo la stessa et\u00e0, la risposta \u00e8 semplice. L&#8217;et\u00e0 alla quale siamo soliti riferirci, ovvero quella anagrafica, non \u00e8 adeguata n\u00e9 sufficiente per fare questo tipo di confronto. Infatti, se quest\u2019ultima rappresenta semplicemente il numero di anni che una [&hellip;]\" \/>\n<meta property=\"og:site_name\" content=\"Neocogita\" \/>\n<meta property=\"article:publisher\" content=\"https:\/\/www.facebook.com\/Neocogita\/\" \/>\n<meta property=\"article:published_time\" content=\"2023-08-10T11:50:06+00:00\" \/>\n<meta property=\"og:image\" content=\"https:\/\/neocogita.com\/wp-content\/uploads\/2023\/08\/290-Sport-e-salute-290x318-1.jpg\" \/>\n\t<meta property=\"og:image:width\" content=\"290\" \/>\n\t<meta property=\"og:image:height\" content=\"318\" \/>\n\t<meta property=\"og:image:type\" content=\"image\/jpeg\" \/>\n<meta name=\"author\" content=\"Chiara De Luca\" \/>\n<meta name=\"twitter:card\" content=\"summary_large_image\" \/>\n<meta name=\"twitter:creator\" content=\"@Neocogita\" \/>\n<meta name=\"twitter:site\" content=\"@Neocogita\" \/>\n<meta name=\"twitter:label1\" content=\"Written by\" \/>\n\t<meta name=\"twitter:data1\" content=\"Chiara De Luca\" \/>\n\t<meta name=\"twitter:label2\" content=\"Est. reading time\" \/>\n\t<meta name=\"twitter:data2\" content=\"5 minutes\" \/>\n<script type=\"application\/ld+json\" class=\"yoast-schema-graph\">{\"@context\":\"https:\/\/schema.org\",\"@graph\":[{\"@type\":\"Article\",\"@id\":\"https:\/\/neocogita.com\/quale-eta-conta-davvero-limportanza-di-conoscere-la-propria-eta-funzionale\/#article\",\"isPartOf\":{\"@id\":\"https:\/\/neocogita.com\/quale-eta-conta-davvero-limportanza-di-conoscere-la-propria-eta-funzionale\/\"},\"author\":{\"name\":\"Chiara De Luca\",\"@id\":\"https:\/\/neocogita.com\/#\/schema\/person\/3550b7afded3f1e52031923cc17971f5\"},\"headline\":\"Quale et\u00e0 conta davvero? L&#8217;importanza di conoscere la propria et\u00e0 funzionale\",\"datePublished\":\"2023-08-10T11:50:06+00:00\",\"dateModified\":\"2023-08-10T11:50:06+00:00\",\"mainEntityOfPage\":{\"@id\":\"https:\/\/neocogita.com\/quale-eta-conta-davvero-limportanza-di-conoscere-la-propria-eta-funzionale\/\"},\"wordCount\":672,\"commentCount\":0,\"publisher\":{\"@id\":\"https:\/\/neocogita.com\/#organization\"},\"image\":{\"@id\":\"https:\/\/neocogita.com\/quale-eta-conta-davvero-limportanza-di-conoscere-la-propria-eta-funzionale\/#primaryimage\"},\"thumbnailUrl\":\"https:\/\/neocogita.com\/wp-content\/uploads\/2023\/08\/290-Sport-e-salute-290x318-1-274x300.jpg\",\"articleSection\":[\"Brain Facts\",\"Brain Wellness\u00ae\"],\"inLanguage\":\"en-US\",\"potentialAction\":[{\"@type\":\"CommentAction\",\"name\":\"Comment\",\"target\":[\"https:\/\/neocogita.com\/quale-eta-conta-davvero-limportanza-di-conoscere-la-propria-eta-funzionale\/#respond\"]}]},{\"@type\":\"WebPage\",\"@id\":\"https:\/\/neocogita.com\/quale-eta-conta-davvero-limportanza-di-conoscere-la-propria-eta-funzionale\/\",\"url\":\"https:\/\/neocogita.com\/quale-eta-conta-davvero-limportanza-di-conoscere-la-propria-eta-funzionale\/\",\"name\":\"Quale et\u00e0 conta davvero? L'importanza di conoscere la propria et\u00e0 funzionale - Neocogita\",\"isPartOf\":{\"@id\":\"https:\/\/neocogita.com\/#website\"},\"primaryImageOfPage\":{\"@id\":\"https:\/\/neocogita.com\/quale-eta-conta-davvero-limportanza-di-conoscere-la-propria-eta-funzionale\/#primaryimage\"},\"image\":{\"@id\":\"https:\/\/neocogita.com\/quale-eta-conta-davvero-limportanza-di-conoscere-la-propria-eta-funzionale\/#primaryimage\"},\"thumbnailUrl\":\"https:\/\/neocogita.com\/wp-content\/uploads\/2023\/08\/290-Sport-e-salute-290x318-1-274x300.jpg\",\"datePublished\":\"2023-08-10T11:50:06+00:00\",\"dateModified\":\"2023-08-10T11:50:06+00:00\",\"breadcrumb\":{\"@id\":\"https:\/\/neocogita.com\/quale-eta-conta-davvero-limportanza-di-conoscere-la-propria-eta-funzionale\/#breadcrumb\"},\"inLanguage\":\"en-US\",\"potentialAction\":[{\"@type\":\"ReadAction\",\"target\":[\"https:\/\/neocogita.com\/quale-eta-conta-davvero-limportanza-di-conoscere-la-propria-eta-funzionale\/\"]}]},{\"@type\":\"ImageObject\",\"inLanguage\":\"en-US\",\"@id\":\"https:\/\/neocogita.com\/quale-eta-conta-davvero-limportanza-di-conoscere-la-propria-eta-funzionale\/#primaryimage\",\"url\":\"https:\/\/neocogita.com\/wp-content\/uploads\/2023\/08\/290-Sport-e-salute-290x318-1-274x300.jpg\",\"contentUrl\":\"https:\/\/neocogita.com\/wp-content\/uploads\/2023\/08\/290-Sport-e-salute-290x318-1-274x300.jpg\"},{\"@type\":\"BreadcrumbList\",\"@id\":\"https:\/\/neocogita.com\/quale-eta-conta-davvero-limportanza-di-conoscere-la-propria-eta-funzionale\/#breadcrumb\",\"itemListElement\":[{\"@type\":\"ListItem\",\"position\":1,\"name\":\"Home\",\"item\":\"https:\/\/neocogita.com\/\"},{\"@type\":\"ListItem\",\"position\":2,\"name\":\"Quale et\u00e0 conta davvero? L&#8217;importanza di conoscere la propria et\u00e0 funzionale\"}]},{\"@type\":\"WebSite\",\"@id\":\"https:\/\/neocogita.com\/#website\",\"url\":\"https:\/\/neocogita.com\/\",\"name\":\"Neocogita\",\"description\":\"\",\"publisher\":{\"@id\":\"https:\/\/neocogita.com\/#organization\"},\"potentialAction\":[{\"@type\":\"SearchAction\",\"target\":{\"@type\":\"EntryPoint\",\"urlTemplate\":\"https:\/\/neocogita.com\/?s={search_term_string}\"},\"query-input\":{\"@type\":\"PropertyValueSpecification\",\"valueRequired\":true,\"valueName\":\"search_term_string\"}}],\"inLanguage\":\"en-US\"},{\"@type\":\"Organization\",\"@id\":\"https:\/\/neocogita.com\/#organization\",\"name\":\"Neocogita\",\"url\":\"https:\/\/neocogita.com\/\",\"logo\":{\"@type\":\"ImageObject\",\"inLanguage\":\"en-US\",\"@id\":\"https:\/\/neocogita.com\/#\/schema\/logo\/image\/\",\"url\":\"https:\/\/neocogita.com\/wp-content\/uploads\/2022\/11\/logo.svg\",\"contentUrl\":\"https:\/\/neocogita.com\/wp-content\/uploads\/2022\/11\/logo.svg\",\"width\":1,\"height\":1,\"caption\":\"Neocogita\"},\"image\":{\"@id\":\"https:\/\/neocogita.com\/#\/schema\/logo\/image\/\"},\"sameAs\":[\"https:\/\/www.facebook.com\/Neocogita\/\",\"https:\/\/x.com\/Neocogita\"]},{\"@type\":\"Person\",\"@id\":\"https:\/\/neocogita.com\/#\/schema\/person\/3550b7afded3f1e52031923cc17971f5\",\"name\":\"Chiara De Luca\",\"image\":{\"@type\":\"ImageObject\",\"inLanguage\":\"en-US\",\"@id\":\"https:\/\/neocogita.com\/#\/schema\/person\/image\/\",\"url\":\"https:\/\/secure.gravatar.com\/avatar\/398d5cb21bed697271e40ffda32ba9bcba362a7609d7785c590ede4ecdd2ac81?s=96&d=mm&r=g\",\"contentUrl\":\"https:\/\/secure.gravatar.com\/avatar\/398d5cb21bed697271e40ffda32ba9bcba362a7609d7785c590ede4ecdd2ac81?s=96&d=mm&r=g\",\"caption\":\"Chiara De Luca\"}}]}<\/script>\n<!-- \/ Yoast SEO plugin. -->","yoast_head_json":{"title":"Quale et\u00e0 conta davvero? L'importanza di conoscere la propria et\u00e0 funzionale - Neocogita","robots":{"index":"index","follow":"follow","max-snippet":"max-snippet:-1","max-image-preview":"max-image-preview:large","max-video-preview":"max-video-preview:-1"},"canonical":"https:\/\/neocogita.com\/quale-eta-conta-davvero-limportanza-di-conoscere-la-propria-eta-funzionale\/","og_locale":"en_US","og_type":"article","og_title":"Quale et\u00e0 conta davvero? L'importanza di conoscere la propria et\u00e0 funzionale - Neocogita","og_description":"&nbsp; Se ti sei mai chiesto perch\u00e9 alcune persone sembrino molto pi\u00f9 giovani di altre pur avendo la stessa et\u00e0, la risposta \u00e8 semplice. L&#8217;et\u00e0 alla quale siamo soliti riferirci, ovvero quella anagrafica, non \u00e8 adeguata n\u00e9 sufficiente per fare questo tipo di confronto. Infatti, se quest\u2019ultima rappresenta semplicemente il numero di anni che una [&hellip;]","og_site_name":"Neocogita","article_publisher":"https:\/\/www.facebook.com\/Neocogita\/","article_published_time":"2023-08-10T11:50:06+00:00","og_image":[{"width":290,"height":318,"url":"https:\/\/neocogita.com\/wp-content\/uploads\/2023\/08\/290-Sport-e-salute-290x318-1.jpg","type":"image\/jpeg"}],"author":"Chiara De Luca","twitter_card":"summary_large_image","twitter_creator":"@Neocogita","twitter_site":"@Neocogita","twitter_misc":{"Written by":"Chiara De Luca","Est. reading time":"5 minutes"},"schema":{"@context":"https:\/\/schema.org","@graph":[{"@type":"Article","@id":"https:\/\/neocogita.com\/quale-eta-conta-davvero-limportanza-di-conoscere-la-propria-eta-funzionale\/#article","isPartOf":{"@id":"https:\/\/neocogita.com\/quale-eta-conta-davvero-limportanza-di-conoscere-la-propria-eta-funzionale\/"},"author":{"name":"Chiara De Luca","@id":"https:\/\/neocogita.com\/#\/schema\/person\/3550b7afded3f1e52031923cc17971f5"},"headline":"Quale et\u00e0 conta davvero? L&#8217;importanza di conoscere la propria et\u00e0 funzionale","datePublished":"2023-08-10T11:50:06+00:00","dateModified":"2023-08-10T11:50:06+00:00","mainEntityOfPage":{"@id":"https:\/\/neocogita.com\/quale-eta-conta-davvero-limportanza-di-conoscere-la-propria-eta-funzionale\/"},"wordCount":672,"commentCount":0,"publisher":{"@id":"https:\/\/neocogita.com\/#organization"},"image":{"@id":"https:\/\/neocogita.com\/quale-eta-conta-davvero-limportanza-di-conoscere-la-propria-eta-funzionale\/#primaryimage"},"thumbnailUrl":"https:\/\/neocogita.com\/wp-content\/uploads\/2023\/08\/290-Sport-e-salute-290x318-1-274x300.jpg","articleSection":["Brain Facts","Brain Wellness\u00ae"],"inLanguage":"en-US","potentialAction":[{"@type":"CommentAction","name":"Comment","target":["https:\/\/neocogita.com\/quale-eta-conta-davvero-limportanza-di-conoscere-la-propria-eta-funzionale\/#respond"]}]},{"@type":"WebPage","@id":"https:\/\/neocogita.com\/quale-eta-conta-davvero-limportanza-di-conoscere-la-propria-eta-funzionale\/","url":"https:\/\/neocogita.com\/quale-eta-conta-davvero-limportanza-di-conoscere-la-propria-eta-funzionale\/","name":"Quale et\u00e0 conta davvero? L'importanza di conoscere la propria et\u00e0 funzionale - Neocogita","isPartOf":{"@id":"https:\/\/neocogita.com\/#website"},"primaryImageOfPage":{"@id":"https:\/\/neocogita.com\/quale-eta-conta-davvero-limportanza-di-conoscere-la-propria-eta-funzionale\/#primaryimage"},"image":{"@id":"https:\/\/neocogita.com\/quale-eta-conta-davvero-limportanza-di-conoscere-la-propria-eta-funzionale\/#primaryimage"},"thumbnailUrl":"https:\/\/neocogita.com\/wp-content\/uploads\/2023\/08\/290-Sport-e-salute-290x318-1-274x300.jpg","datePublished":"2023-08-10T11:50:06+00:00","dateModified":"2023-08-10T11:50:06+00:00","breadcrumb":{"@id":"https:\/\/neocogita.com\/quale-eta-conta-davvero-limportanza-di-conoscere-la-propria-eta-funzionale\/#breadcrumb"},"inLanguage":"en-US","potentialAction":[{"@type":"ReadAction","target":["https:\/\/neocogita.com\/quale-eta-conta-davvero-limportanza-di-conoscere-la-propria-eta-funzionale\/"]}]},{"@type":"ImageObject","inLanguage":"en-US","@id":"https:\/\/neocogita.com\/quale-eta-conta-davvero-limportanza-di-conoscere-la-propria-eta-funzionale\/#primaryimage","url":"https:\/\/neocogita.com\/wp-content\/uploads\/2023\/08\/290-Sport-e-salute-290x318-1-274x300.jpg","contentUrl":"https:\/\/neocogita.com\/wp-content\/uploads\/2023\/08\/290-Sport-e-salute-290x318-1-274x300.jpg"},{"@type":"BreadcrumbList","@id":"https:\/\/neocogita.com\/quale-eta-conta-davvero-limportanza-di-conoscere-la-propria-eta-funzionale\/#breadcrumb","itemListElement":[{"@type":"ListItem","position":1,"name":"Home","item":"https:\/\/neocogita.com\/"},{"@type":"ListItem","position":2,"name":"Quale et\u00e0 conta davvero? L&#8217;importanza di conoscere la propria et\u00e0 funzionale"}]},{"@type":"WebSite","@id":"https:\/\/neocogita.com\/#website","url":"https:\/\/neocogita.com\/","name":"Neocogita","description":"","publisher":{"@id":"https:\/\/neocogita.com\/#organization"},"potentialAction":[{"@type":"SearchAction","target":{"@type":"EntryPoint","urlTemplate":"https:\/\/neocogita.com\/?s={search_term_string}"},"query-input":{"@type":"PropertyValueSpecification","valueRequired":true,"valueName":"search_term_string"}}],"inLanguage":"en-US"},{"@type":"Organization","@id":"https:\/\/neocogita.com\/#organization","name":"Neocogita","url":"https:\/\/neocogita.com\/","logo":{"@type":"ImageObject","inLanguage":"en-US","@id":"https:\/\/neocogita.com\/#\/schema\/logo\/image\/","url":"https:\/\/neocogita.com\/wp-content\/uploads\/2022\/11\/logo.svg","contentUrl":"https:\/\/neocogita.com\/wp-content\/uploads\/2022\/11\/logo.svg","width":1,"height":1,"caption":"Neocogita"},"image":{"@id":"https:\/\/neocogita.com\/#\/schema\/logo\/image\/"},"sameAs":["https:\/\/www.facebook.com\/Neocogita\/","https:\/\/x.com\/Neocogita"]},{"@type":"Person","@id":"https:\/\/neocogita.com\/#\/schema\/person\/3550b7afded3f1e52031923cc17971f5","name":"Chiara De Luca","image":{"@type":"ImageObject","inLanguage":"en-US","@id":"https:\/\/neocogita.com\/#\/schema\/person\/image\/","url":"https:\/\/secure.gravatar.com\/avatar\/398d5cb21bed697271e40ffda32ba9bcba362a7609d7785c590ede4ecdd2ac81?s=96&d=mm&r=g","contentUrl":"https:\/\/secure.gravatar.com\/avatar\/398d5cb21bed697271e40ffda32ba9bcba362a7609d7785c590ede4ecdd2ac81?s=96&d=mm&r=g","caption":"Chiara De Luca"}}]}},"_links":{"self":[{"href":"https:\/\/neocogita.com\/en\/wp-json\/wp\/v2\/posts\/584622","targetHints":{"allow":["GET"]}}],"collection":[{"href":"https:\/\/neocogita.com\/en\/wp-json\/wp\/v2\/posts"}],"about":[{"href":"https:\/\/neocogita.com\/en\/wp-json\/wp\/v2\/types\/post"}],"author":[{"embeddable":true,"href":"https:\/\/neocogita.com\/en\/wp-json\/wp\/v2\/users\/582012"}],"replies":[{"embeddable":true,"href":"https:\/\/neocogita.com\/en\/wp-json\/wp\/v2\/comments?post=584622"}],"version-history":[{"count":6,"href":"https:\/\/neocogita.com\/en\/wp-json\/wp\/v2\/posts\/584622\/revisions"}],"predecessor-version":[{"id":584667,"href":"https:\/\/neocogita.com\/en\/wp-json\/wp\/v2\/posts\/584622\/revisions\/584667"}],"wp:attachment":[{"href":"https:\/\/neocogita.com\/en\/wp-json\/wp\/v2\/media?parent=584622"}],"wp:term":[{"taxonomy":"category","embeddable":true,"href":"https:\/\/neocogita.com\/en\/wp-json\/wp\/v2\/categories?post=584622"},{"taxonomy":"post_tag","embeddable":true,"href":"https:\/\/neocogita.com\/en\/wp-json\/wp\/v2\/tags?post=584622"},{"taxonomy":"dipi_cpt_category","embeddable":true,"href":"https:\/\/neocogita.com\/en\/wp-json\/wp\/v2\/dipi_cpt_category?post=584622"}],"curies":[{"name":"wp","href":"https:\/\/api.w.org\/{rel}","templated":true}]}}