{"id":584669,"date":"2023-09-13T15:35:30","date_gmt":"2023-09-13T13:35:30","guid":{"rendered":"https:\/\/neocogita.com\/?p=584669"},"modified":"2023-09-13T15:35:30","modified_gmt":"2023-09-13T13:35:30","slug":"salute-mentale-una-chiamata-allazione-basata-su-nuove-scoperte-a-livello-globale","status":"publish","type":"post","link":"https:\/\/neocogita.com\/en\/salute-mentale-una-chiamata-allazione-basata-su-nuove-scoperte-a-livello-globale\/","title":{"rendered":"Salute mentale: una chiamata all&#8217;azione basata su nuove scoperte a livello globale"},"content":{"rendered":"<p>Disturbi mentali: un\u2019analisi su scala globale offre una panoramica chiara e dettagliata che si pone al centro del dibattito scientifico e sociale. Un quadro critico sul quale \u00e8 necessario porre la nostra attenzione, ma che pu\u00f2 aiutarci a trasformare la nostra comprensione e il nostro approccio a questo delicato argomento.<\/p>\n<p><img loading=\"lazy\" decoding=\"async\" class=\"wp-image-584694 size-medium aligncenter\" src=\"https:\/\/neocogita.com\/wp-content\/uploads\/2023\/09\/Mental-health-pana-1-300x300.png\" alt=\"\" width=\"300\" height=\"300\" \/><\/p>\n<p>&nbsp;<\/p>\n<h3>L\u2019insorgenza precoce dei disturbi mentali<\/h3>\n<p>Nel 2001 un gruppo di esperti e ricercatori di tutto il mondo ha dato inizio ad un lungo percorso terminato nel 2022, grazie al quale abbiamo ora a disposizione dati dettagliati sullo <strong>stato della salute mentale nel mondo<\/strong>. Sono stati infatti raccolti 32 sondaggi condotti in 29 paesi, utilizzando una metodologia di campionamento stratificata e multistadio per garantire <strong>risultati rappresentativi<\/strong> e affidabili.<\/p>\n<p>Un aspetto preoccupante ma fondamentale che emerge dalla ricerca \u00e8 l&#8217;<strong>insorgenza precoce di molte malattie mentali<\/strong>. Infatti, mentre alcune delle pi\u00f9 note malattie non trasmissibili, come quelle cardiovascolari o il cancro, tendono a manifestarsi in et\u00e0 avanzata, una larga percentuale di disturbi mentali fa la sua prima c<strong>omparsa durante l&#8217;infanzia o l&#8217;adolescenza<\/strong>. Questa scoperta enfatizza l&#8217;importanza cruciale di concentrare <strong>risorse e ricerca nell&#8217;identificazione precoce e nell&#8217;intervento<\/strong> tempestivo in queste fasi critiche della vita.<\/p>\n<h3>Uno sguardo dettagliato ai risultati<\/h3>\n<p>Basandosi su delle stime pi\u00f9 accurate della distribuzione dell&#8217;et\u00e0 d&#8217;insorgenza rispetto ai precedenti studi, sono stati ottenuti altri 3 principali risultati:<\/p>\n<ul>\n<li>Entro l&#8217;et\u00e0 di 75 anni, <strong>una persona su due<\/strong> svilupper\u00e0 almeno un disturbo mentale;<\/li>\n<li>L&#8217;incidenza di <strong>ansia e disturbi dell&#8217;umore<\/strong> \u00e8 maggiore nelle <strong>donne<\/strong>;<\/li>\n<li>L&#8217;incidenza di <strong>disturbi esternalizzanti<\/strong> (aggressivit\u00e0, impulsivit\u00e0 ecc&#8230;) \u00e8 maggiore negli <strong>uomini<\/strong>.<\/li>\n<\/ul>\n<p>Necessita di un ulteriore approfondimento il primo dato. Infatti, dai risultati emerge che la met\u00e0 delle persone che sviluppano un disturbo mentale prima dei 75 anni, ha avuto il suo <strong>primo episodio intorno ai 20 anni<\/strong>. Non solo, oltre ai disordini che tradizionalmente si sviluppano durante l&#8217;infanzia (fobia sociale, fobie specifiche, ADHD), anche disturbi come depressione maggiore, disturbo d&#8217;ansia generalizzata, dipendenze e disturbo da attacco di panico, sono stati osservati emergere durante l&#8217;adolescenza o la prima et\u00e0 adulta. Questo riscontro supporta la necessit\u00e0 di investire in servizi di salute mentale rivolti ai giovani.<\/p>\n<p>Per quanto riguarda gli altri due punti, sebbene l&#8217;et\u00e0 d&#8217;insorgenza di molti disturbi sia simile per uomini e donne, vi sono <strong>differenze importanti circa le categorie di disordini<\/strong>. Ci\u00f2 enfatizza l&#8217;importanza di un <strong>approccio personalizzato e genere-specifico<\/strong> alla salute mentale, che non consideri quest&#8217;ultima come un&#8217;entit\u00e0 a s\u00e9 stante, ma che riesca a calarla nella sfera individuale di ciascuna persona.<\/p>\n<h3>La strada verso il futuro: sfide e opportunit\u00e0<\/h3>\n<p>Si rivela per\u00f2 importante sottolineare le significative <strong>limitazioni<\/strong> dello studio. La dipendenza dai resoconti retrospettivi, ad esempio, potrebbe avere introdotto una certa dose di errore, in quanto <strong>la memoria degli eventi passati pu\u00f2 essere imprecisa<\/strong>. Inoltre, la comorbilit\u00e0, ovvero la presenza contemporanea nello stesso soggetto di due o pi\u00f9 malattie, non \u00e8 stata considerata in maniera esaustiva nello studio, suggerendo che il panorama reale potrebbe essere ancora pi\u00f9 complesso di quanto riscontrato.<\/p>\n<p>Nonostante questi limiti, lo studio fa luce su una realt\u00e0 ormai nota, ma ancora troppo sottovalutata. L&#8217;accento posto sull&#8217;importanza di servizi di salute mentale centrati sui giovani e la necessit\u00e0 di ricerche future che esplorino le dinamiche della comorbilit\u00e0 nel tempo promettono di guidare un&#8217;agenda di ricerca robusta e dinamica.<\/p>\n<h3>Conclusione<\/h3>\n<p>Con una ormai chiara evidenza della precocit\u00e0 dell&#8217;insorgenza di molti disturbi mentali, \u00e8 imperativo che la societ\u00e0 nel suo complesso, dalle istituzioni educative ai fornitori di assistenza sanitaria, ricalibri le sue strategie e le sue risorse per dare priorit\u00e0 a <strong>interventi precoci e personalizzati<\/strong>.<\/p>\n<p>Questa ricerca, insieme ai numerosi e crescenti studi sull&#8217;argomento, suggerisce che <strong>\u00e8 tempo di trasformare la nostra consapevolezza in azioni concrete<\/strong>: ampliare l&#8217;offerta di servizi di salute mentale per i giovani, sviluppare programmi di sensibilizzazione che possano funzionare come rete di sicurezza per individuare i primi segnali di disturbi mentali e, soprattutto, continuare a sostenere la ricerca in questo campo.<br \/>\nInoltre, la diversit\u00e0 dei disturbi mentali sottolinea la necessit\u00e0 di un <strong>approccio multidisciplinare e inclusivo<\/strong> nella gestione della salute mentale, che tenga conto delle differenze di genere e delle specificit\u00e0 individuali.<\/p>\n<p>Tutte queste informazioni ci forniscono non solo l&#8217;opportunit\u00e0, ma anche la <strong>responsabilit\u00e0<\/strong>, di modellare un futuro in cui il benessere mentale sia <strong>accessibile<\/strong>, <strong>personalizzato<\/strong> e, soprattutto, <strong>prioritario<\/strong>.<\/p>\n<p>&nbsp;<\/p>\n","protected":false},"excerpt":{"rendered":"<p>Disturbi mentali: un\u2019analisi su scala globale offre una panoramica chiara e dettagliata che si pone al centro del dibattito scientifico e sociale. Un quadro critico sul quale \u00e8 necessario porre la nostra attenzione, ma che pu\u00f2 aiutarci a trasformare la nostra comprensione e il nostro approccio a questo delicato argomento. &nbsp; L\u2019insorgenza precoce dei disturbi [&hellip;]<\/p>\n","protected":false},"author":582012,"featured_media":584694,"comment_status":"open","ping_status":"closed","sticky":false,"template":"","format":"standard","meta":{"_acf_changed":false,"_et_pb_use_builder":"","_et_pb_old_content":"","_et_gb_content_width":"","footnotes":""},"categories":[255,379],"tags":[],"dipi_cpt_category":[],"class_list":["post-584669","post","type-post","status-publish","format-standard","has-post-thumbnail","hentry","category-brain-facts","category-brain-wellness"],"acf":[],"yoast_head":"<!-- This site is optimized with the Yoast SEO plugin v23.9 - https:\/\/yoast.com\/wordpress\/plugins\/seo\/ -->\n<title>Salute mentale: una chiamata all&#039;azione basata su nuove scoperte a livello globale - Neocogita<\/title>\n<meta name=\"robots\" content=\"index, follow, max-snippet:-1, max-image-preview:large, max-video-preview:-1\" \/>\n<link rel=\"canonical\" href=\"https:\/\/neocogita.com\/salute-mentale-una-chiamata-allazione-basata-su-nuove-scoperte-a-livello-globale\/\" \/>\n<meta property=\"og:locale\" content=\"en_US\" \/>\n<meta property=\"og:type\" content=\"article\" \/>\n<meta property=\"og:title\" content=\"Salute mentale: una chiamata all&#039;azione basata su nuove scoperte a livello globale - Neocogita\" \/>\n<meta property=\"og:description\" content=\"Disturbi mentali: un\u2019analisi su scala globale offre una panoramica chiara e dettagliata che si pone al centro del dibattito scientifico e sociale. Un quadro critico sul quale \u00e8 necessario porre la nostra attenzione, ma che pu\u00f2 aiutarci a trasformare la nostra comprensione e il nostro approccio a questo delicato argomento. &nbsp; L\u2019insorgenza precoce dei disturbi [&hellip;]\" \/>\n<meta property=\"og:site_name\" content=\"Neocogita\" \/>\n<meta property=\"article:publisher\" content=\"https:\/\/www.facebook.com\/Neocogita\/\" \/>\n<meta property=\"article:published_time\" content=\"2023-09-13T13:35:30+00:00\" \/>\n<meta property=\"og:image\" content=\"https:\/\/neocogita.com\/wp-content\/uploads\/2023\/09\/Mental-health-pana-1-e1694602679884.png\" \/>\n\t<meta property=\"og:image:width\" content=\"2000\" \/>\n\t<meta property=\"og:image:height\" content=\"2000\" \/>\n\t<meta property=\"og:image:type\" content=\"image\/png\" \/>\n<meta name=\"author\" content=\"Chiara De Luca\" \/>\n<meta name=\"twitter:card\" content=\"summary_large_image\" \/>\n<meta name=\"twitter:creator\" content=\"@Neocogita\" \/>\n<meta name=\"twitter:site\" content=\"@Neocogita\" \/>\n<meta name=\"twitter:label1\" content=\"Written by\" \/>\n\t<meta name=\"twitter:data1\" content=\"Chiara De Luca\" \/>\n\t<meta name=\"twitter:label2\" content=\"Est. reading time\" \/>\n\t<meta name=\"twitter:data2\" content=\"5 minutes\" \/>\n<script type=\"application\/ld+json\" class=\"yoast-schema-graph\">{\"@context\":\"https:\/\/schema.org\",\"@graph\":[{\"@type\":\"Article\",\"@id\":\"https:\/\/neocogita.com\/salute-mentale-una-chiamata-allazione-basata-su-nuove-scoperte-a-livello-globale\/#article\",\"isPartOf\":{\"@id\":\"https:\/\/neocogita.com\/salute-mentale-una-chiamata-allazione-basata-su-nuove-scoperte-a-livello-globale\/\"},\"author\":{\"name\":\"Chiara De Luca\",\"@id\":\"https:\/\/neocogita.com\/#\/schema\/person\/3550b7afded3f1e52031923cc17971f5\"},\"headline\":\"Salute mentale: una chiamata all&#8217;azione basata su nuove scoperte a livello globale\",\"datePublished\":\"2023-09-13T13:35:30+00:00\",\"dateModified\":\"2023-09-13T13:35:30+00:00\",\"mainEntityOfPage\":{\"@id\":\"https:\/\/neocogita.com\/salute-mentale-una-chiamata-allazione-basata-su-nuove-scoperte-a-livello-globale\/\"},\"wordCount\":726,\"commentCount\":0,\"publisher\":{\"@id\":\"https:\/\/neocogita.com\/#organization\"},\"image\":{\"@id\":\"https:\/\/neocogita.com\/salute-mentale-una-chiamata-allazione-basata-su-nuove-scoperte-a-livello-globale\/#primaryimage\"},\"thumbnailUrl\":\"https:\/\/neocogita.com\/wp-content\/uploads\/2023\/09\/Mental-health-pana-1-e1694602679884.png\",\"articleSection\":[\"Brain Facts\",\"Brain Wellness\u00ae\"],\"inLanguage\":\"en-US\",\"potentialAction\":[{\"@type\":\"CommentAction\",\"name\":\"Comment\",\"target\":[\"https:\/\/neocogita.com\/salute-mentale-una-chiamata-allazione-basata-su-nuove-scoperte-a-livello-globale\/#respond\"]}]},{\"@type\":\"WebPage\",\"@id\":\"https:\/\/neocogita.com\/salute-mentale-una-chiamata-allazione-basata-su-nuove-scoperte-a-livello-globale\/\",\"url\":\"https:\/\/neocogita.com\/salute-mentale-una-chiamata-allazione-basata-su-nuove-scoperte-a-livello-globale\/\",\"name\":\"Salute mentale: una chiamata all'azione basata su nuove scoperte a livello globale - Neocogita\",\"isPartOf\":{\"@id\":\"https:\/\/neocogita.com\/#website\"},\"primaryImageOfPage\":{\"@id\":\"https:\/\/neocogita.com\/salute-mentale-una-chiamata-allazione-basata-su-nuove-scoperte-a-livello-globale\/#primaryimage\"},\"image\":{\"@id\":\"https:\/\/neocogita.com\/salute-mentale-una-chiamata-allazione-basata-su-nuove-scoperte-a-livello-globale\/#primaryimage\"},\"thumbnailUrl\":\"https:\/\/neocogita.com\/wp-content\/uploads\/2023\/09\/Mental-health-pana-1-e1694602679884.png\",\"datePublished\":\"2023-09-13T13:35:30+00:00\",\"dateModified\":\"2023-09-13T13:35:30+00:00\",\"breadcrumb\":{\"@id\":\"https:\/\/neocogita.com\/salute-mentale-una-chiamata-allazione-basata-su-nuove-scoperte-a-livello-globale\/#breadcrumb\"},\"inLanguage\":\"en-US\",\"potentialAction\":[{\"@type\":\"ReadAction\",\"target\":[\"https:\/\/neocogita.com\/salute-mentale-una-chiamata-allazione-basata-su-nuove-scoperte-a-livello-globale\/\"]}]},{\"@type\":\"ImageObject\",\"inLanguage\":\"en-US\",\"@id\":\"https:\/\/neocogita.com\/salute-mentale-una-chiamata-allazione-basata-su-nuove-scoperte-a-livello-globale\/#primaryimage\",\"url\":\"https:\/\/neocogita.com\/wp-content\/uploads\/2023\/09\/Mental-health-pana-1-e1694602679884.png\",\"contentUrl\":\"https:\/\/neocogita.com\/wp-content\/uploads\/2023\/09\/Mental-health-pana-1-e1694602679884.png\",\"width\":2000,\"height\":2000},{\"@type\":\"BreadcrumbList\",\"@id\":\"https:\/\/neocogita.com\/salute-mentale-una-chiamata-allazione-basata-su-nuove-scoperte-a-livello-globale\/#breadcrumb\",\"itemListElement\":[{\"@type\":\"ListItem\",\"position\":1,\"name\":\"Home\",\"item\":\"https:\/\/neocogita.com\/\"},{\"@type\":\"ListItem\",\"position\":2,\"name\":\"Salute mentale: una chiamata all&#8217;azione basata su nuove scoperte a livello globale\"}]},{\"@type\":\"WebSite\",\"@id\":\"https:\/\/neocogita.com\/#website\",\"url\":\"https:\/\/neocogita.com\/\",\"name\":\"Neocogita\",\"description\":\"\",\"publisher\":{\"@id\":\"https:\/\/neocogita.com\/#organization\"},\"potentialAction\":[{\"@type\":\"SearchAction\",\"target\":{\"@type\":\"EntryPoint\",\"urlTemplate\":\"https:\/\/neocogita.com\/?s={search_term_string}\"},\"query-input\":{\"@type\":\"PropertyValueSpecification\",\"valueRequired\":true,\"valueName\":\"search_term_string\"}}],\"inLanguage\":\"en-US\"},{\"@type\":\"Organization\",\"@id\":\"https:\/\/neocogita.com\/#organization\",\"name\":\"Neocogita\",\"url\":\"https:\/\/neocogita.com\/\",\"logo\":{\"@type\":\"ImageObject\",\"inLanguage\":\"en-US\",\"@id\":\"https:\/\/neocogita.com\/#\/schema\/logo\/image\/\",\"url\":\"https:\/\/neocogita.com\/wp-content\/uploads\/2022\/11\/logo.svg\",\"contentUrl\":\"https:\/\/neocogita.com\/wp-content\/uploads\/2022\/11\/logo.svg\",\"width\":1,\"height\":1,\"caption\":\"Neocogita\"},\"image\":{\"@id\":\"https:\/\/neocogita.com\/#\/schema\/logo\/image\/\"},\"sameAs\":[\"https:\/\/www.facebook.com\/Neocogita\/\",\"https:\/\/x.com\/Neocogita\"]},{\"@type\":\"Person\",\"@id\":\"https:\/\/neocogita.com\/#\/schema\/person\/3550b7afded3f1e52031923cc17971f5\",\"name\":\"Chiara De Luca\",\"image\":{\"@type\":\"ImageObject\",\"inLanguage\":\"en-US\",\"@id\":\"https:\/\/neocogita.com\/#\/schema\/person\/image\/\",\"url\":\"https:\/\/secure.gravatar.com\/avatar\/398d5cb21bed697271e40ffda32ba9bcba362a7609d7785c590ede4ecdd2ac81?s=96&d=mm&r=g\",\"contentUrl\":\"https:\/\/secure.gravatar.com\/avatar\/398d5cb21bed697271e40ffda32ba9bcba362a7609d7785c590ede4ecdd2ac81?s=96&d=mm&r=g\",\"caption\":\"Chiara De Luca\"}}]}<\/script>\n<!-- \/ Yoast SEO plugin. -->","yoast_head_json":{"title":"Salute mentale: una chiamata all'azione basata su nuove scoperte a livello globale - Neocogita","robots":{"index":"index","follow":"follow","max-snippet":"max-snippet:-1","max-image-preview":"max-image-preview:large","max-video-preview":"max-video-preview:-1"},"canonical":"https:\/\/neocogita.com\/salute-mentale-una-chiamata-allazione-basata-su-nuove-scoperte-a-livello-globale\/","og_locale":"en_US","og_type":"article","og_title":"Salute mentale: una chiamata all'azione basata su nuove scoperte a livello globale - Neocogita","og_description":"Disturbi mentali: un\u2019analisi su scala globale offre una panoramica chiara e dettagliata che si pone al centro del dibattito scientifico e sociale. Un quadro critico sul quale \u00e8 necessario porre la nostra attenzione, ma che pu\u00f2 aiutarci a trasformare la nostra comprensione e il nostro approccio a questo delicato argomento. &nbsp; L\u2019insorgenza precoce dei disturbi [&hellip;]","og_site_name":"Neocogita","article_publisher":"https:\/\/www.facebook.com\/Neocogita\/","article_published_time":"2023-09-13T13:35:30+00:00","og_image":[{"width":2000,"height":2000,"url":"https:\/\/neocogita.com\/wp-content\/uploads\/2023\/09\/Mental-health-pana-1-e1694602679884.png","type":"image\/png"}],"author":"Chiara De Luca","twitter_card":"summary_large_image","twitter_creator":"@Neocogita","twitter_site":"@Neocogita","twitter_misc":{"Written by":"Chiara De Luca","Est. reading time":"5 minutes"},"schema":{"@context":"https:\/\/schema.org","@graph":[{"@type":"Article","@id":"https:\/\/neocogita.com\/salute-mentale-una-chiamata-allazione-basata-su-nuove-scoperte-a-livello-globale\/#article","isPartOf":{"@id":"https:\/\/neocogita.com\/salute-mentale-una-chiamata-allazione-basata-su-nuove-scoperte-a-livello-globale\/"},"author":{"name":"Chiara De Luca","@id":"https:\/\/neocogita.com\/#\/schema\/person\/3550b7afded3f1e52031923cc17971f5"},"headline":"Salute mentale: una chiamata all&#8217;azione basata su nuove scoperte a livello globale","datePublished":"2023-09-13T13:35:30+00:00","dateModified":"2023-09-13T13:35:30+00:00","mainEntityOfPage":{"@id":"https:\/\/neocogita.com\/salute-mentale-una-chiamata-allazione-basata-su-nuove-scoperte-a-livello-globale\/"},"wordCount":726,"commentCount":0,"publisher":{"@id":"https:\/\/neocogita.com\/#organization"},"image":{"@id":"https:\/\/neocogita.com\/salute-mentale-una-chiamata-allazione-basata-su-nuove-scoperte-a-livello-globale\/#primaryimage"},"thumbnailUrl":"https:\/\/neocogita.com\/wp-content\/uploads\/2023\/09\/Mental-health-pana-1-e1694602679884.png","articleSection":["Brain Facts","Brain Wellness\u00ae"],"inLanguage":"en-US","potentialAction":[{"@type":"CommentAction","name":"Comment","target":["https:\/\/neocogita.com\/salute-mentale-una-chiamata-allazione-basata-su-nuove-scoperte-a-livello-globale\/#respond"]}]},{"@type":"WebPage","@id":"https:\/\/neocogita.com\/salute-mentale-una-chiamata-allazione-basata-su-nuove-scoperte-a-livello-globale\/","url":"https:\/\/neocogita.com\/salute-mentale-una-chiamata-allazione-basata-su-nuove-scoperte-a-livello-globale\/","name":"Salute mentale: una chiamata all'azione basata su nuove scoperte a livello globale - Neocogita","isPartOf":{"@id":"https:\/\/neocogita.com\/#website"},"primaryImageOfPage":{"@id":"https:\/\/neocogita.com\/salute-mentale-una-chiamata-allazione-basata-su-nuove-scoperte-a-livello-globale\/#primaryimage"},"image":{"@id":"https:\/\/neocogita.com\/salute-mentale-una-chiamata-allazione-basata-su-nuove-scoperte-a-livello-globale\/#primaryimage"},"thumbnailUrl":"https:\/\/neocogita.com\/wp-content\/uploads\/2023\/09\/Mental-health-pana-1-e1694602679884.png","datePublished":"2023-09-13T13:35:30+00:00","dateModified":"2023-09-13T13:35:30+00:00","breadcrumb":{"@id":"https:\/\/neocogita.com\/salute-mentale-una-chiamata-allazione-basata-su-nuove-scoperte-a-livello-globale\/#breadcrumb"},"inLanguage":"en-US","potentialAction":[{"@type":"ReadAction","target":["https:\/\/neocogita.com\/salute-mentale-una-chiamata-allazione-basata-su-nuove-scoperte-a-livello-globale\/"]}]},{"@type":"ImageObject","inLanguage":"en-US","@id":"https:\/\/neocogita.com\/salute-mentale-una-chiamata-allazione-basata-su-nuove-scoperte-a-livello-globale\/#primaryimage","url":"https:\/\/neocogita.com\/wp-content\/uploads\/2023\/09\/Mental-health-pana-1-e1694602679884.png","contentUrl":"https:\/\/neocogita.com\/wp-content\/uploads\/2023\/09\/Mental-health-pana-1-e1694602679884.png","width":2000,"height":2000},{"@type":"BreadcrumbList","@id":"https:\/\/neocogita.com\/salute-mentale-una-chiamata-allazione-basata-su-nuove-scoperte-a-livello-globale\/#breadcrumb","itemListElement":[{"@type":"ListItem","position":1,"name":"Home","item":"https:\/\/neocogita.com\/"},{"@type":"ListItem","position":2,"name":"Salute mentale: una chiamata all&#8217;azione basata su nuove scoperte a livello globale"}]},{"@type":"WebSite","@id":"https:\/\/neocogita.com\/#website","url":"https:\/\/neocogita.com\/","name":"Neocogita","description":"","publisher":{"@id":"https:\/\/neocogita.com\/#organization"},"potentialAction":[{"@type":"SearchAction","target":{"@type":"EntryPoint","urlTemplate":"https:\/\/neocogita.com\/?s={search_term_string}"},"query-input":{"@type":"PropertyValueSpecification","valueRequired":true,"valueName":"search_term_string"}}],"inLanguage":"en-US"},{"@type":"Organization","@id":"https:\/\/neocogita.com\/#organization","name":"Neocogita","url":"https:\/\/neocogita.com\/","logo":{"@type":"ImageObject","inLanguage":"en-US","@id":"https:\/\/neocogita.com\/#\/schema\/logo\/image\/","url":"https:\/\/neocogita.com\/wp-content\/uploads\/2022\/11\/logo.svg","contentUrl":"https:\/\/neocogita.com\/wp-content\/uploads\/2022\/11\/logo.svg","width":1,"height":1,"caption":"Neocogita"},"image":{"@id":"https:\/\/neocogita.com\/#\/schema\/logo\/image\/"},"sameAs":["https:\/\/www.facebook.com\/Neocogita\/","https:\/\/x.com\/Neocogita"]},{"@type":"Person","@id":"https:\/\/neocogita.com\/#\/schema\/person\/3550b7afded3f1e52031923cc17971f5","name":"Chiara De Luca","image":{"@type":"ImageObject","inLanguage":"en-US","@id":"https:\/\/neocogita.com\/#\/schema\/person\/image\/","url":"https:\/\/secure.gravatar.com\/avatar\/398d5cb21bed697271e40ffda32ba9bcba362a7609d7785c590ede4ecdd2ac81?s=96&d=mm&r=g","contentUrl":"https:\/\/secure.gravatar.com\/avatar\/398d5cb21bed697271e40ffda32ba9bcba362a7609d7785c590ede4ecdd2ac81?s=96&d=mm&r=g","caption":"Chiara De Luca"}}]}},"_links":{"self":[{"href":"https:\/\/neocogita.com\/en\/wp-json\/wp\/v2\/posts\/584669","targetHints":{"allow":["GET"]}}],"collection":[{"href":"https:\/\/neocogita.com\/en\/wp-json\/wp\/v2\/posts"}],"about":[{"href":"https:\/\/neocogita.com\/en\/wp-json\/wp\/v2\/types\/post"}],"author":[{"embeddable":true,"href":"https:\/\/neocogita.com\/en\/wp-json\/wp\/v2\/users\/582012"}],"replies":[{"embeddable":true,"href":"https:\/\/neocogita.com\/en\/wp-json\/wp\/v2\/comments?post=584669"}],"version-history":[{"count":4,"href":"https:\/\/neocogita.com\/en\/wp-json\/wp\/v2\/posts\/584669\/revisions"}],"predecessor-version":[{"id":584702,"href":"https:\/\/neocogita.com\/en\/wp-json\/wp\/v2\/posts\/584669\/revisions\/584702"}],"wp:featuredmedia":[{"embeddable":true,"href":"https:\/\/neocogita.com\/en\/wp-json\/wp\/v2\/media\/584694"}],"wp:attachment":[{"href":"https:\/\/neocogita.com\/en\/wp-json\/wp\/v2\/media?parent=584669"}],"wp:term":[{"taxonomy":"category","embeddable":true,"href":"https:\/\/neocogita.com\/en\/wp-json\/wp\/v2\/categories?post=584669"},{"taxonomy":"post_tag","embeddable":true,"href":"https:\/\/neocogita.com\/en\/wp-json\/wp\/v2\/tags?post=584669"},{"taxonomy":"dipi_cpt_category","embeddable":true,"href":"https:\/\/neocogita.com\/en\/wp-json\/wp\/v2\/dipi_cpt_category?post=584669"}],"curies":[{"name":"wp","href":"https:\/\/api.w.org\/{rel}","templated":true}]}}