{"id":584671,"date":"2023-09-13T15:41:01","date_gmt":"2023-09-13T13:41:01","guid":{"rendered":"https:\/\/neocogita.com\/?p=584671"},"modified":"2023-09-13T15:41:01","modified_gmt":"2023-09-13T13:41:01","slug":"il-frenetico-bisogno-di-essere-occupati-residuo-evolutivo-o-paura-dei-propri-pensieri","status":"publish","type":"post","link":"https:\/\/neocogita.com\/en\/il-frenetico-bisogno-di-essere-occupati-residuo-evolutivo-o-paura-dei-propri-pensieri\/","title":{"rendered":"Il frenetico bisogno di essere occupati: residuo evolutivo o paura dei propri pensieri?"},"content":{"rendered":"<p>Molto tempo \u00e8 passato da quando Seneca difendeva l\u2019importanza dell\u2019<em>otium<\/em>, del non impegnarsi in azioni prive di utilit\u00e0 e valore. Egli non elogiava infatti l\u2019ozio come \u00e8 comunemente inteso nel contesto contemporaneo, bens\u00ec l\u2019avvicinarsi a s\u00e9 stessi, per cercare la propria verit\u00e0 e serenit\u00e0.<\/p>\n<p>Questa non \u00e8 l\u2019introduzione ad un trattato filosofico, bens\u00ec alla presentazione di una ricerca psicologica che si \u00e8 proposta di indagare le motivazioni che spingono le persone ad impegnarsi sempre di pi\u00f9 in varie attivit\u00e0.<\/p>\n<p><img loading=\"lazy\" decoding=\"async\" class=\" wp-image-584696 aligncenter\" src=\"https:\/\/neocogita.com\/wp-content\/uploads\/2023\/09\/Multitasking-bro-300x300.png\" alt=\"\" width=\"353\" height=\"353\" \/><\/p>\n<h3>L&#8217;avversione all&#8217;ozio e il bisogno di un&#8217;occupazione giustificabile: lo studio<\/h3>\n<p>Con una ricerca condotta su 98 studenti universitari, un gruppo di ricercatori ha voluto testare due ipotesi:<\/p>\n<ol>\n<li>Anche una<strong> motivazione debole<\/strong> o inconsistente pu\u00f2 motivare le persone a <strong>scegliere l&#8217;occupazione<\/strong> piuttosto che il non fare nulla;<\/li>\n<li><strong>Essere occupati<\/strong>, indipendentemente dal fatto che questo sia imposto o scelto, <strong>determina livelli pi\u00f9 elevati di felicit\u00e0<\/strong> rispetto al non esserlo.<\/li>\n<\/ol>\n<p>Per verificare la prima ipotesi, agli studenti \u00e8 stato chiesto di <strong>scegliere in quale luogo consegnare un sondaggio<\/strong> precedentemente compilato. Il primo luogo era vicino, consentendo alle persone di completare il compito pi\u00f9 velocemente, tornare al centro di ricerca e aspettare senza fare nulla (l&#8217;<strong>opzione inattiva)<\/strong>; il secondo era invece lontano, con pochissimo tempo da aspettare una volta tornati (l&#8217;<strong>opzione occupata<\/strong>).<\/p>\n<p>I risultati hanno mostrato che a <strong>determinare la scelta era la motivazione<\/strong>. Infatti i partecipanti sarebbero stati ricompensati con del cioccolato, ma quando \u00e8 stato loro detto che il cioccolato sarebbe stato lo stesso indipendentemente dall&#8217;opzione scelta, solo il 32% dei partecipanti ha scelto il luogo lontano. Quando invece la tipologia di cioccolato era differente nei due luoghi, il 59% ha scelto l&#8217;opzione &#8220;occupata&#8221;.<\/p>\n<p>Per la seconda ipotesi, invece, sono stati esaminati gli effetti di &#8220;forzare&#8221; le persone all&#8217;occupazione o all&#8217;inattivit\u00e0. Sorprendentemente, anche quando non avevano scelta, coloro che erano stati &#8220;<strong>costretti<\/strong>&#8221; <strong>ad essere occupati riportavano livelli di felicit\u00e0 significativamente pi\u00f9 alti<\/strong> rispetto a quelli in uno stato di inattivit\u00e0 forzata.<\/p>\n<h3>Le origini di questa inclinazione<\/h3>\n<p>L&#8217;idea che le persone rifuggano l&#8217;ozio e preferiscano essere occupati \u00e8 stata confermata da diverse ricerche, in cui sono emersi i seguenti elementi:<\/p>\n<ul>\n<li>timore della noia;<\/li>\n<li>ansia derivante dall&#8217;attesa;<\/li>\n<li>lavoro percepito come virtuoso e portatore di apprezzamento tra le persone.<\/li>\n<\/ul>\n<p>In uno sforzo per comprendere le radici di queste tendenze, gli autori dell&#8217;indagine hanno teorizzato che il nostro <strong>desiderio contemporaneo di &#8220;busyness&#8221;<\/strong> (i.e frenesia, operosit\u00e0) e la <strong>necessit\u00e0 di una giustificazione<\/strong> per esso possano essere <strong>radicati nel nostro passato evolutivo<\/strong>. Nella lotta per la sopravvivenza, i nostri antenati dovevano conservare energia, rendendoci oggi cauti nell&#8217;utilizzarla senza uno scopo apparente. Nonostante la nostra moderna facilit\u00e0 di accesso a comfort e risorse, rimarrebbe quindi in noi un&#8217;antica inclinazione a cercare scopi e giustificazioni per le nostre azioni.<\/p>\n<p>C&#8217;\u00e8 chi invece per spiegare questa inclinazione non fa ricorso all&#8217;evoluzione, bens\u00ec la volont\u00e0 di evitare il <strong>rischio di trovarsi da soli con i propri pensieri<\/strong>, nonch\u00e9 l&#8217;impronta produttivistica della nostra societ\u00e0, la quale incoraggia ad essere utili e impegnati, considerando pigre le persone che hanno &#8220;troppo&#8221; tempo libero.<\/p>\n<h3>Conclusione<\/h3>\n<p>La nostra epoca \u00e8 caratterizzata dalla frenesia, da un&#8217;incessante ricerca della produttivit\u00e0 e dall<strong>&#8216;idealizzazione dell&#8217;essere occupati<\/strong>. Mentre molto spesso ritroviamo la causa di questi elementi nella societ\u00e0, con le sue richieste e aspettative, questo studio suggerisce che le nostre dinamiche comportamentali potrebbero essere <strong>radicate alle nostre inclinazioni evolutive<\/strong>.<br \/>\nSe \u00e8 vero che la <em>busyness<\/em> \u00e8 divenuta ormai quasi un sigillo di virt\u00f9, una testimonianza del nostro valore e della nostra dedizione, \u00e8 altres\u00ec un dato di fatto che l&#8217;eccesso ci conduce poi a stati di malessere, causati da stress, burnout e mancanza di connessione con noi stessi.<\/p>\n<p>In questa congiuntura, appare quindi cruciale ricercare un equilibrio, una <strong>sintesi armoniosa tra l&#8217;attivit\u00e0 e l&#8217;inattivit\u00e0<\/strong>, che ci permetta di onorare il nostro bisogno intrinseco di essere utili e produttivi, ma anche quello profondo di conoscerci, riflettere e crescere.<\/p>\n<p>&nbsp;<\/p>\n<p>&nbsp;<\/p>\n<p>&nbsp;<\/p>\n<p>&nbsp;<\/p>\n<p>&nbsp;<\/p>\n","protected":false},"excerpt":{"rendered":"<p>Molto tempo \u00e8 passato da quando Seneca difendeva l\u2019importanza dell\u2019otium, del non impegnarsi in azioni prive di utilit\u00e0 e valore. Egli non elogiava infatti l\u2019ozio come \u00e8 comunemente inteso nel contesto contemporaneo, bens\u00ec l\u2019avvicinarsi a s\u00e9 stessi, per cercare la propria verit\u00e0 e serenit\u00e0. Questa non \u00e8 l\u2019introduzione ad un trattato filosofico, bens\u00ec alla presentazione [&hellip;]<\/p>\n","protected":false},"author":582012,"featured_media":584696,"comment_status":"open","ping_status":"closed","sticky":false,"template":"","format":"standard","meta":{"_acf_changed":false,"_et_pb_use_builder":"","_et_pb_old_content":"","_et_gb_content_width":"","footnotes":""},"categories":[255,379],"tags":[],"dipi_cpt_category":[],"class_list":["post-584671","post","type-post","status-publish","format-standard","has-post-thumbnail","hentry","category-brain-facts","category-brain-wellness"],"acf":[],"yoast_head":"<!-- This site is optimized with the Yoast SEO plugin v23.9 - https:\/\/yoast.com\/wordpress\/plugins\/seo\/ -->\n<title>Il frenetico bisogno di essere occupati: residuo evolutivo o paura dei propri pensieri? - Neocogita<\/title>\n<meta name=\"robots\" content=\"index, follow, max-snippet:-1, max-image-preview:large, max-video-preview:-1\" \/>\n<link rel=\"canonical\" href=\"https:\/\/neocogita.com\/il-frenetico-bisogno-di-essere-occupati-residuo-evolutivo-o-paura-dei-propri-pensieri\/\" \/>\n<meta property=\"og:locale\" content=\"en_US\" \/>\n<meta property=\"og:type\" content=\"article\" \/>\n<meta property=\"og:title\" content=\"Il frenetico bisogno di essere occupati: residuo evolutivo o paura dei propri pensieri? - Neocogita\" \/>\n<meta property=\"og:description\" content=\"Molto tempo \u00e8 passato da quando Seneca difendeva l\u2019importanza dell\u2019otium, del non impegnarsi in azioni prive di utilit\u00e0 e valore. Egli non elogiava infatti l\u2019ozio come \u00e8 comunemente inteso nel contesto contemporaneo, bens\u00ec l\u2019avvicinarsi a s\u00e9 stessi, per cercare la propria verit\u00e0 e serenit\u00e0. Questa non \u00e8 l\u2019introduzione ad un trattato filosofico, bens\u00ec alla presentazione [&hellip;]\" \/>\n<meta property=\"og:site_name\" content=\"Neocogita\" \/>\n<meta property=\"article:publisher\" content=\"https:\/\/www.facebook.com\/Neocogita\/\" \/>\n<meta property=\"article:published_time\" content=\"2023-09-13T13:41:01+00:00\" \/>\n<meta property=\"og:image\" content=\"https:\/\/neocogita.com\/wp-content\/uploads\/2023\/09\/Multitasking-bro.png\" \/>\n\t<meta property=\"og:image:width\" content=\"2000\" \/>\n\t<meta property=\"og:image:height\" content=\"2000\" \/>\n\t<meta property=\"og:image:type\" content=\"image\/png\" \/>\n<meta name=\"author\" content=\"Chiara De Luca\" \/>\n<meta name=\"twitter:card\" content=\"summary_large_image\" \/>\n<meta name=\"twitter:creator\" content=\"@Neocogita\" \/>\n<meta name=\"twitter:site\" content=\"@Neocogita\" \/>\n<meta name=\"twitter:label1\" content=\"Written by\" \/>\n\t<meta name=\"twitter:data1\" content=\"Chiara De Luca\" \/>\n\t<meta name=\"twitter:label2\" content=\"Est. reading time\" \/>\n\t<meta name=\"twitter:data2\" content=\"5 minutes\" \/>\n<script type=\"application\/ld+json\" class=\"yoast-schema-graph\">{\"@context\":\"https:\/\/schema.org\",\"@graph\":[{\"@type\":\"Article\",\"@id\":\"https:\/\/neocogita.com\/il-frenetico-bisogno-di-essere-occupati-residuo-evolutivo-o-paura-dei-propri-pensieri\/#article\",\"isPartOf\":{\"@id\":\"https:\/\/neocogita.com\/il-frenetico-bisogno-di-essere-occupati-residuo-evolutivo-o-paura-dei-propri-pensieri\/\"},\"author\":{\"name\":\"Chiara De Luca\",\"@id\":\"https:\/\/neocogita.com\/#\/schema\/person\/3550b7afded3f1e52031923cc17971f5\"},\"headline\":\"Il frenetico bisogno di essere occupati: residuo evolutivo o paura dei propri pensieri?\",\"datePublished\":\"2023-09-13T13:41:01+00:00\",\"dateModified\":\"2023-09-13T13:41:01+00:00\",\"mainEntityOfPage\":{\"@id\":\"https:\/\/neocogita.com\/il-frenetico-bisogno-di-essere-occupati-residuo-evolutivo-o-paura-dei-propri-pensieri\/\"},\"wordCount\":668,\"commentCount\":0,\"publisher\":{\"@id\":\"https:\/\/neocogita.com\/#organization\"},\"image\":{\"@id\":\"https:\/\/neocogita.com\/il-frenetico-bisogno-di-essere-occupati-residuo-evolutivo-o-paura-dei-propri-pensieri\/#primaryimage\"},\"thumbnailUrl\":\"https:\/\/neocogita.com\/wp-content\/uploads\/2023\/09\/Multitasking-bro.png\",\"articleSection\":[\"Brain Facts\",\"Brain Wellness\u00ae\"],\"inLanguage\":\"en-US\",\"potentialAction\":[{\"@type\":\"CommentAction\",\"name\":\"Comment\",\"target\":[\"https:\/\/neocogita.com\/il-frenetico-bisogno-di-essere-occupati-residuo-evolutivo-o-paura-dei-propri-pensieri\/#respond\"]}]},{\"@type\":\"WebPage\",\"@id\":\"https:\/\/neocogita.com\/il-frenetico-bisogno-di-essere-occupati-residuo-evolutivo-o-paura-dei-propri-pensieri\/\",\"url\":\"https:\/\/neocogita.com\/il-frenetico-bisogno-di-essere-occupati-residuo-evolutivo-o-paura-dei-propri-pensieri\/\",\"name\":\"Il frenetico bisogno di essere occupati: residuo evolutivo o paura dei propri pensieri? - Neocogita\",\"isPartOf\":{\"@id\":\"https:\/\/neocogita.com\/#website\"},\"primaryImageOfPage\":{\"@id\":\"https:\/\/neocogita.com\/il-frenetico-bisogno-di-essere-occupati-residuo-evolutivo-o-paura-dei-propri-pensieri\/#primaryimage\"},\"image\":{\"@id\":\"https:\/\/neocogita.com\/il-frenetico-bisogno-di-essere-occupati-residuo-evolutivo-o-paura-dei-propri-pensieri\/#primaryimage\"},\"thumbnailUrl\":\"https:\/\/neocogita.com\/wp-content\/uploads\/2023\/09\/Multitasking-bro.png\",\"datePublished\":\"2023-09-13T13:41:01+00:00\",\"dateModified\":\"2023-09-13T13:41:01+00:00\",\"breadcrumb\":{\"@id\":\"https:\/\/neocogita.com\/il-frenetico-bisogno-di-essere-occupati-residuo-evolutivo-o-paura-dei-propri-pensieri\/#breadcrumb\"},\"inLanguage\":\"en-US\",\"potentialAction\":[{\"@type\":\"ReadAction\",\"target\":[\"https:\/\/neocogita.com\/il-frenetico-bisogno-di-essere-occupati-residuo-evolutivo-o-paura-dei-propri-pensieri\/\"]}]},{\"@type\":\"ImageObject\",\"inLanguage\":\"en-US\",\"@id\":\"https:\/\/neocogita.com\/il-frenetico-bisogno-di-essere-occupati-residuo-evolutivo-o-paura-dei-propri-pensieri\/#primaryimage\",\"url\":\"https:\/\/neocogita.com\/wp-content\/uploads\/2023\/09\/Multitasking-bro.png\",\"contentUrl\":\"https:\/\/neocogita.com\/wp-content\/uploads\/2023\/09\/Multitasking-bro.png\",\"width\":2000,\"height\":2000},{\"@type\":\"BreadcrumbList\",\"@id\":\"https:\/\/neocogita.com\/il-frenetico-bisogno-di-essere-occupati-residuo-evolutivo-o-paura-dei-propri-pensieri\/#breadcrumb\",\"itemListElement\":[{\"@type\":\"ListItem\",\"position\":1,\"name\":\"Home\",\"item\":\"https:\/\/neocogita.com\/\"},{\"@type\":\"ListItem\",\"position\":2,\"name\":\"Il frenetico bisogno di essere occupati: residuo evolutivo o paura dei propri pensieri?\"}]},{\"@type\":\"WebSite\",\"@id\":\"https:\/\/neocogita.com\/#website\",\"url\":\"https:\/\/neocogita.com\/\",\"name\":\"Neocogita\",\"description\":\"\",\"publisher\":{\"@id\":\"https:\/\/neocogita.com\/#organization\"},\"potentialAction\":[{\"@type\":\"SearchAction\",\"target\":{\"@type\":\"EntryPoint\",\"urlTemplate\":\"https:\/\/neocogita.com\/?s={search_term_string}\"},\"query-input\":{\"@type\":\"PropertyValueSpecification\",\"valueRequired\":true,\"valueName\":\"search_term_string\"}}],\"inLanguage\":\"en-US\"},{\"@type\":\"Organization\",\"@id\":\"https:\/\/neocogita.com\/#organization\",\"name\":\"Neocogita\",\"url\":\"https:\/\/neocogita.com\/\",\"logo\":{\"@type\":\"ImageObject\",\"inLanguage\":\"en-US\",\"@id\":\"https:\/\/neocogita.com\/#\/schema\/logo\/image\/\",\"url\":\"https:\/\/neocogita.com\/wp-content\/uploads\/2022\/11\/logo.svg\",\"contentUrl\":\"https:\/\/neocogita.com\/wp-content\/uploads\/2022\/11\/logo.svg\",\"width\":1,\"height\":1,\"caption\":\"Neocogita\"},\"image\":{\"@id\":\"https:\/\/neocogita.com\/#\/schema\/logo\/image\/\"},\"sameAs\":[\"https:\/\/www.facebook.com\/Neocogita\/\",\"https:\/\/x.com\/Neocogita\"]},{\"@type\":\"Person\",\"@id\":\"https:\/\/neocogita.com\/#\/schema\/person\/3550b7afded3f1e52031923cc17971f5\",\"name\":\"Chiara De Luca\",\"image\":{\"@type\":\"ImageObject\",\"inLanguage\":\"en-US\",\"@id\":\"https:\/\/neocogita.com\/#\/schema\/person\/image\/\",\"url\":\"https:\/\/secure.gravatar.com\/avatar\/398d5cb21bed697271e40ffda32ba9bcba362a7609d7785c590ede4ecdd2ac81?s=96&d=mm&r=g\",\"contentUrl\":\"https:\/\/secure.gravatar.com\/avatar\/398d5cb21bed697271e40ffda32ba9bcba362a7609d7785c590ede4ecdd2ac81?s=96&d=mm&r=g\",\"caption\":\"Chiara De Luca\"}}]}<\/script>\n<!-- \/ Yoast SEO plugin. -->","yoast_head_json":{"title":"Il frenetico bisogno di essere occupati: residuo evolutivo o paura dei propri pensieri? - Neocogita","robots":{"index":"index","follow":"follow","max-snippet":"max-snippet:-1","max-image-preview":"max-image-preview:large","max-video-preview":"max-video-preview:-1"},"canonical":"https:\/\/neocogita.com\/il-frenetico-bisogno-di-essere-occupati-residuo-evolutivo-o-paura-dei-propri-pensieri\/","og_locale":"en_US","og_type":"article","og_title":"Il frenetico bisogno di essere occupati: residuo evolutivo o paura dei propri pensieri? - Neocogita","og_description":"Molto tempo \u00e8 passato da quando Seneca difendeva l\u2019importanza dell\u2019otium, del non impegnarsi in azioni prive di utilit\u00e0 e valore. Egli non elogiava infatti l\u2019ozio come \u00e8 comunemente inteso nel contesto contemporaneo, bens\u00ec l\u2019avvicinarsi a s\u00e9 stessi, per cercare la propria verit\u00e0 e serenit\u00e0. Questa non \u00e8 l\u2019introduzione ad un trattato filosofico, bens\u00ec alla presentazione [&hellip;]","og_site_name":"Neocogita","article_publisher":"https:\/\/www.facebook.com\/Neocogita\/","article_published_time":"2023-09-13T13:41:01+00:00","og_image":[{"width":2000,"height":2000,"url":"https:\/\/neocogita.com\/wp-content\/uploads\/2023\/09\/Multitasking-bro.png","type":"image\/png"}],"author":"Chiara De Luca","twitter_card":"summary_large_image","twitter_creator":"@Neocogita","twitter_site":"@Neocogita","twitter_misc":{"Written by":"Chiara De Luca","Est. reading time":"5 minutes"},"schema":{"@context":"https:\/\/schema.org","@graph":[{"@type":"Article","@id":"https:\/\/neocogita.com\/il-frenetico-bisogno-di-essere-occupati-residuo-evolutivo-o-paura-dei-propri-pensieri\/#article","isPartOf":{"@id":"https:\/\/neocogita.com\/il-frenetico-bisogno-di-essere-occupati-residuo-evolutivo-o-paura-dei-propri-pensieri\/"},"author":{"name":"Chiara De Luca","@id":"https:\/\/neocogita.com\/#\/schema\/person\/3550b7afded3f1e52031923cc17971f5"},"headline":"Il frenetico bisogno di essere occupati: residuo evolutivo o paura dei propri pensieri?","datePublished":"2023-09-13T13:41:01+00:00","dateModified":"2023-09-13T13:41:01+00:00","mainEntityOfPage":{"@id":"https:\/\/neocogita.com\/il-frenetico-bisogno-di-essere-occupati-residuo-evolutivo-o-paura-dei-propri-pensieri\/"},"wordCount":668,"commentCount":0,"publisher":{"@id":"https:\/\/neocogita.com\/#organization"},"image":{"@id":"https:\/\/neocogita.com\/il-frenetico-bisogno-di-essere-occupati-residuo-evolutivo-o-paura-dei-propri-pensieri\/#primaryimage"},"thumbnailUrl":"https:\/\/neocogita.com\/wp-content\/uploads\/2023\/09\/Multitasking-bro.png","articleSection":["Brain Facts","Brain Wellness\u00ae"],"inLanguage":"en-US","potentialAction":[{"@type":"CommentAction","name":"Comment","target":["https:\/\/neocogita.com\/il-frenetico-bisogno-di-essere-occupati-residuo-evolutivo-o-paura-dei-propri-pensieri\/#respond"]}]},{"@type":"WebPage","@id":"https:\/\/neocogita.com\/il-frenetico-bisogno-di-essere-occupati-residuo-evolutivo-o-paura-dei-propri-pensieri\/","url":"https:\/\/neocogita.com\/il-frenetico-bisogno-di-essere-occupati-residuo-evolutivo-o-paura-dei-propri-pensieri\/","name":"Il frenetico bisogno di essere occupati: residuo evolutivo o paura dei propri pensieri? - Neocogita","isPartOf":{"@id":"https:\/\/neocogita.com\/#website"},"primaryImageOfPage":{"@id":"https:\/\/neocogita.com\/il-frenetico-bisogno-di-essere-occupati-residuo-evolutivo-o-paura-dei-propri-pensieri\/#primaryimage"},"image":{"@id":"https:\/\/neocogita.com\/il-frenetico-bisogno-di-essere-occupati-residuo-evolutivo-o-paura-dei-propri-pensieri\/#primaryimage"},"thumbnailUrl":"https:\/\/neocogita.com\/wp-content\/uploads\/2023\/09\/Multitasking-bro.png","datePublished":"2023-09-13T13:41:01+00:00","dateModified":"2023-09-13T13:41:01+00:00","breadcrumb":{"@id":"https:\/\/neocogita.com\/il-frenetico-bisogno-di-essere-occupati-residuo-evolutivo-o-paura-dei-propri-pensieri\/#breadcrumb"},"inLanguage":"en-US","potentialAction":[{"@type":"ReadAction","target":["https:\/\/neocogita.com\/il-frenetico-bisogno-di-essere-occupati-residuo-evolutivo-o-paura-dei-propri-pensieri\/"]}]},{"@type":"ImageObject","inLanguage":"en-US","@id":"https:\/\/neocogita.com\/il-frenetico-bisogno-di-essere-occupati-residuo-evolutivo-o-paura-dei-propri-pensieri\/#primaryimage","url":"https:\/\/neocogita.com\/wp-content\/uploads\/2023\/09\/Multitasking-bro.png","contentUrl":"https:\/\/neocogita.com\/wp-content\/uploads\/2023\/09\/Multitasking-bro.png","width":2000,"height":2000},{"@type":"BreadcrumbList","@id":"https:\/\/neocogita.com\/il-frenetico-bisogno-di-essere-occupati-residuo-evolutivo-o-paura-dei-propri-pensieri\/#breadcrumb","itemListElement":[{"@type":"ListItem","position":1,"name":"Home","item":"https:\/\/neocogita.com\/"},{"@type":"ListItem","position":2,"name":"Il frenetico bisogno di essere occupati: residuo evolutivo o paura dei propri pensieri?"}]},{"@type":"WebSite","@id":"https:\/\/neocogita.com\/#website","url":"https:\/\/neocogita.com\/","name":"Neocogita","description":"","publisher":{"@id":"https:\/\/neocogita.com\/#organization"},"potentialAction":[{"@type":"SearchAction","target":{"@type":"EntryPoint","urlTemplate":"https:\/\/neocogita.com\/?s={search_term_string}"},"query-input":{"@type":"PropertyValueSpecification","valueRequired":true,"valueName":"search_term_string"}}],"inLanguage":"en-US"},{"@type":"Organization","@id":"https:\/\/neocogita.com\/#organization","name":"Neocogita","url":"https:\/\/neocogita.com\/","logo":{"@type":"ImageObject","inLanguage":"en-US","@id":"https:\/\/neocogita.com\/#\/schema\/logo\/image\/","url":"https:\/\/neocogita.com\/wp-content\/uploads\/2022\/11\/logo.svg","contentUrl":"https:\/\/neocogita.com\/wp-content\/uploads\/2022\/11\/logo.svg","width":1,"height":1,"caption":"Neocogita"},"image":{"@id":"https:\/\/neocogita.com\/#\/schema\/logo\/image\/"},"sameAs":["https:\/\/www.facebook.com\/Neocogita\/","https:\/\/x.com\/Neocogita"]},{"@type":"Person","@id":"https:\/\/neocogita.com\/#\/schema\/person\/3550b7afded3f1e52031923cc17971f5","name":"Chiara De Luca","image":{"@type":"ImageObject","inLanguage":"en-US","@id":"https:\/\/neocogita.com\/#\/schema\/person\/image\/","url":"https:\/\/secure.gravatar.com\/avatar\/398d5cb21bed697271e40ffda32ba9bcba362a7609d7785c590ede4ecdd2ac81?s=96&d=mm&r=g","contentUrl":"https:\/\/secure.gravatar.com\/avatar\/398d5cb21bed697271e40ffda32ba9bcba362a7609d7785c590ede4ecdd2ac81?s=96&d=mm&r=g","caption":"Chiara De Luca"}}]}},"_links":{"self":[{"href":"https:\/\/neocogita.com\/en\/wp-json\/wp\/v2\/posts\/584671","targetHints":{"allow":["GET"]}}],"collection":[{"href":"https:\/\/neocogita.com\/en\/wp-json\/wp\/v2\/posts"}],"about":[{"href":"https:\/\/neocogita.com\/en\/wp-json\/wp\/v2\/types\/post"}],"author":[{"embeddable":true,"href":"https:\/\/neocogita.com\/en\/wp-json\/wp\/v2\/users\/582012"}],"replies":[{"embeddable":true,"href":"https:\/\/neocogita.com\/en\/wp-json\/wp\/v2\/comments?post=584671"}],"version-history":[{"count":9,"href":"https:\/\/neocogita.com\/en\/wp-json\/wp\/v2\/posts\/584671\/revisions"}],"predecessor-version":[{"id":584703,"href":"https:\/\/neocogita.com\/en\/wp-json\/wp\/v2\/posts\/584671\/revisions\/584703"}],"wp:featuredmedia":[{"embeddable":true,"href":"https:\/\/neocogita.com\/en\/wp-json\/wp\/v2\/media\/584696"}],"wp:attachment":[{"href":"https:\/\/neocogita.com\/en\/wp-json\/wp\/v2\/media?parent=584671"}],"wp:term":[{"taxonomy":"category","embeddable":true,"href":"https:\/\/neocogita.com\/en\/wp-json\/wp\/v2\/categories?post=584671"},{"taxonomy":"post_tag","embeddable":true,"href":"https:\/\/neocogita.com\/en\/wp-json\/wp\/v2\/tags?post=584671"},{"taxonomy":"dipi_cpt_category","embeddable":true,"href":"https:\/\/neocogita.com\/en\/wp-json\/wp\/v2\/dipi_cpt_category?post=584671"}],"curies":[{"name":"wp","href":"https:\/\/api.w.org\/{rel}","templated":true}]}}