{"id":584958,"date":"2024-06-26T17:12:36","date_gmt":"2024-06-26T15:12:36","guid":{"rendered":"https:\/\/neocogita.com\/?p=584958"},"modified":"2024-06-26T17:12:36","modified_gmt":"2024-06-26T15:12:36","slug":"migliorare-la-memoria-e-la-concentrazione-consigli-pratici-per-la-salute-del-cervello","status":"publish","type":"post","link":"https:\/\/neocogita.com\/en\/migliorare-la-memoria-e-la-concentrazione-consigli-pratici-per-la-salute-del-cervello\/","title":{"rendered":"Migliorare la memoria e la concentrazione: consigli pratici per la salute del cervello"},"content":{"rendered":"<p>La capacit\u00e0 di ricordare e concentrarsi efficacemente \u00e8 essenziale per il nostro successo quotidiano, sia a livello personale che professionale. Diversi fattori possono influenzare queste abilit\u00e0 cognitive, tra cui il sonno, l&#8217;et\u00e0, l&#8217;esercizio fisico e la nutrizione. Comprendere questi fattori e come gestirli pu\u00f2 aiutarci a mantenere il cervello in ottima forma.<\/p>\n<p><img loading=\"lazy\" decoding=\"async\" class=\"alignnone  wp-image-584954\" src=\"https:\/\/neocogita.com\/wp-content\/uploads\/2024\/06\/memoria-a-breve-termine.jpg\" alt=\"\" width=\"496\" height=\"279\" \/><\/p>\n<h3>Importanza del sonno<\/h3>\n<p>Il sonno \u00e8 uno dei principali determinanti della nostra capacit\u00e0 di memoria e concentrazione. Una notte insonne pu\u00f2 trasformare una giornata produttiva in una vera sfida. Durante il sonno, il cervello <strong>consolida i ricordi<\/strong> e <strong>processa le informazioni apprese<\/strong> durante il giorno. <strong>La privazione di sonno pu\u00f2 quindi compromettere gravemente queste funzioni<\/strong>, portando a <strong>problemi di attenzione e memoria a breve termine<\/strong>.<\/p>\n<h3>Effetti dell&#8217;invecchiamento<\/h3>\n<p>Con l&#8217;avanzare dell&#8217;et\u00e0, molti di noi sperimentano un <strong>declino delle capacit\u00e0 cognitive<\/strong>. I giorni di \u201cnebbia mentale&#8221; diventano pi\u00f9 frequenti e il richiamo di informazioni a breve termine pu\u00f2 diventare pi\u00f9 difficile. Tuttavia, alcune funzioni cognitive, come l&#8217;intelligenza cristallizzata, che include la capacit\u00e0 di usare abilit\u00e0 e conoscenze accumulate, possono migliorare con l&#8217;et\u00e0 fino ai 60-70 anni.<\/p>\n<h3>Esercizio fisico e flusso sanguigno<\/h3>\n<p>L&#8217;esercizio fisico non solo migliora la salute fisica, ma ha anche un impatto positivo sulla funzione cognitiva. L&#8217;attivit\u00e0 fisica regolare <strong>aumenta il flusso sanguigno al cervello<\/strong>, fornendo ossigeno e nutrienti essenziali che <strong>supportano la salute neuronale.<\/strong> Un buon flusso sanguigno \u00e8 <strong>cruciale per mantenere la memoria e la concentrazione<\/strong> a livelli ottimali.<\/p>\n<h3>Neurotrasmettitori e attivit\u00e0 neuronale<\/h3>\n<p>I <strong>neurotrasmettitori<\/strong> sono delle <strong>sostanze chimiche che trasportano i segnali tra le cellule nervose<\/strong>. La sintesi e l&#8217;attivit\u00e0 corretta di questi neurotrasmettitori sono <strong>essenziali per una buona funzione cognitiva<\/strong>. Nutrienti come le vitamine del gruppo B, la vitamina C, lo zinco e la colina sono fondamentali per la produzione di neurotrasmettitori come la dopamina e l&#8217;acetilcolina, che giocano un <strong>ruolo chiave nella memoria e nell&#8217;attenzione<\/strong>. Sostanze come la <strong>caffeina<\/strong>, ad esempio, possono <strong>migliorare la concentrazione<\/strong> legandosi ai recettori dell&#8217;adenosina, prevenendo la sensazione di stanchezza.<\/p>\n<h3>Segnalazione nervosa e propagazione<\/h3>\n<p>La <strong>mielina<\/strong>, una sostanza ricca di lipidi che avvolge gli assoni dei neuroni, \u00e8 <strong>essenziale per la conduzione efficiente dei segnali elettrici<\/strong>. La perdita o il danneggiamento della mielina pu\u00f2 compromettere la funzione cognitiva. Malattie come la sclerosi multipla dimostrano infatti l&#8217;importanza della mielina per la memoria e la concentrazione.<\/p>\n<h3>Alimentazione e nutrizione<\/h3>\n<p>Una <strong>dieta equilibrata ricca di nutrienti essenziali<\/strong> \u00e8 vitale per la salute del cervello. La <strong>mancanza di nutrienti<\/strong> come vitamine e minerali pu\u00f2 <strong>compromettere la capacit\u00e0 del cervello di funzionare correttamente<\/strong>. Inoltre, il cervello necessita di un adeguato apporto energetico per mantenere alta la sua attivit\u00e0. Il <strong>glucosio<\/strong> \u00e8 la fonte principale di energia per il cervello, ma anche i <strong>corpi chetonici<\/strong> possono essere utilizzati in situazioni di digiuno prolungato o dieta chetogenica.<\/p>\n<h3>Influenza dell&#8217;infiammazione<\/h3>\n<p><strong>L&#8217;infiammazione cronica<\/strong> pu\u00f2 avere <strong>effetti negativi sulla memoria e sull&#8217;attenzione<\/strong>. L&#8217;infiammazione nel sistema nervoso centrale, spesso mediata dalle microglia, le cellule immunitarie del cervello, pu\u00f2 r<strong>idurre la neurogenesi ippocampale e la sintesi dei neurotrasmettitori<\/strong>, peggiorando le funzioni cognitive.<\/p>\n<h3>Conclusioni<\/h3>\n<p>Mantenere una buona memoria e concentrazione richiede un <strong>approccio olistico che includa un sonno adeguato, una dieta equilibrata, esercizio fisico regolare e la gestione dell&#8217;infiammazione<\/strong>. Adottando queste strategie, possiamo <strong>ottimizzare le nostre funzioni cognitive<\/strong> e <strong>vivere una vita pi\u00f9 produttiva e soddisfacente<\/strong>.<\/p>\n","protected":false},"excerpt":{"rendered":"<p>La capacit\u00e0 di ricordare e concentrarsi efficacemente \u00e8 essenziale per il nostro successo quotidiano, sia a livello personale che professionale. Diversi fattori possono influenzare queste abilit\u00e0 cognitive, tra cui il sonno, l&#8217;et\u00e0, l&#8217;esercizio fisico e la nutrizione. Comprendere questi fattori e come gestirli pu\u00f2 aiutarci a mantenere il cervello in ottima forma. Importanza del sonno [&hellip;]<\/p>\n","protected":false},"author":582011,"featured_media":584952,"comment_status":"open","ping_status":"closed","sticky":false,"template":"","format":"standard","meta":{"_acf_changed":false,"_et_pb_use_builder":"","_et_pb_old_content":"","_et_gb_content_width":"","footnotes":""},"categories":[255,379],"tags":[],"dipi_cpt_category":[],"class_list":["post-584958","post","type-post","status-publish","format-standard","has-post-thumbnail","hentry","category-brain-facts","category-brain-wellness"],"acf":[],"yoast_head":"<!-- This site is optimized with the Yoast SEO plugin v23.9 - https:\/\/yoast.com\/wordpress\/plugins\/seo\/ -->\n<title>Migliorare la memoria e la concentrazione: consigli pratici per la salute del cervello - Neocogita<\/title>\n<meta name=\"robots\" content=\"index, follow, max-snippet:-1, max-image-preview:large, max-video-preview:-1\" \/>\n<link rel=\"canonical\" href=\"https:\/\/neocogita.com\/migliorare-la-memoria-e-la-concentrazione-consigli-pratici-per-la-salute-del-cervello\/\" \/>\n<meta property=\"og:locale\" content=\"en_US\" \/>\n<meta property=\"og:type\" content=\"article\" \/>\n<meta property=\"og:title\" content=\"Migliorare la memoria e la concentrazione: consigli pratici per la salute del cervello - Neocogita\" \/>\n<meta property=\"og:description\" content=\"La capacit\u00e0 di ricordare e concentrarsi efficacemente \u00e8 essenziale per il nostro successo quotidiano, sia a livello personale che professionale. Diversi fattori possono influenzare queste abilit\u00e0 cognitive, tra cui il sonno, l&#8217;et\u00e0, l&#8217;esercizio fisico e la nutrizione. Comprendere questi fattori e come gestirli pu\u00f2 aiutarci a mantenere il cervello in ottima forma. Importanza del sonno [&hellip;]\" \/>\n<meta property=\"og:site_name\" content=\"Neocogita\" \/>\n<meta property=\"article:publisher\" content=\"https:\/\/www.facebook.com\/Neocogita\/\" \/>\n<meta property=\"article:published_time\" content=\"2024-06-26T15:12:36+00:00\" \/>\n<meta property=\"og:image\" content=\"https:\/\/neocogita.com\/wp-content\/uploads\/2024\/06\/memoria.jpg\" \/>\n\t<meta property=\"og:image:width\" content=\"1000\" \/>\n\t<meta property=\"og:image:height\" content=\"982\" \/>\n\t<meta property=\"og:image:type\" content=\"image\/jpeg\" \/>\n<meta name=\"author\" content=\"Francesca Bonetti\" \/>\n<meta name=\"twitter:card\" content=\"summary_large_image\" \/>\n<meta name=\"twitter:creator\" content=\"@Neocogita\" \/>\n<meta name=\"twitter:site\" content=\"@Neocogita\" \/>\n<meta name=\"twitter:label1\" content=\"Written by\" \/>\n\t<meta name=\"twitter:data1\" content=\"Francesca Bonetti\" \/>\n\t<meta name=\"twitter:label2\" content=\"Est. reading time\" \/>\n\t<meta name=\"twitter:data2\" content=\"5 minutes\" \/>\n<script type=\"application\/ld+json\" class=\"yoast-schema-graph\">{\"@context\":\"https:\/\/schema.org\",\"@graph\":[{\"@type\":\"Article\",\"@id\":\"https:\/\/neocogita.com\/migliorare-la-memoria-e-la-concentrazione-consigli-pratici-per-la-salute-del-cervello\/#article\",\"isPartOf\":{\"@id\":\"https:\/\/neocogita.com\/migliorare-la-memoria-e-la-concentrazione-consigli-pratici-per-la-salute-del-cervello\/\"},\"author\":{\"name\":\"Francesca Bonetti\",\"@id\":\"https:\/\/neocogita.com\/#\/schema\/person\/eba8e1fdaff3c6c07bac8645276c8eb5\"},\"headline\":\"Migliorare la memoria e la concentrazione: consigli pratici per la salute del cervello\",\"datePublished\":\"2024-06-26T15:12:36+00:00\",\"dateModified\":\"2024-06-26T15:12:36+00:00\",\"mainEntityOfPage\":{\"@id\":\"https:\/\/neocogita.com\/migliorare-la-memoria-e-la-concentrazione-consigli-pratici-per-la-salute-del-cervello\/\"},\"wordCount\":560,\"commentCount\":0,\"publisher\":{\"@id\":\"https:\/\/neocogita.com\/#organization\"},\"image\":{\"@id\":\"https:\/\/neocogita.com\/migliorare-la-memoria-e-la-concentrazione-consigli-pratici-per-la-salute-del-cervello\/#primaryimage\"},\"thumbnailUrl\":\"https:\/\/neocogita.com\/wp-content\/uploads\/2024\/06\/memoria.jpg\",\"articleSection\":[\"Brain Facts\",\"Brain Wellness\u00ae\"],\"inLanguage\":\"en-US\",\"potentialAction\":[{\"@type\":\"CommentAction\",\"name\":\"Comment\",\"target\":[\"https:\/\/neocogita.com\/migliorare-la-memoria-e-la-concentrazione-consigli-pratici-per-la-salute-del-cervello\/#respond\"]}]},{\"@type\":\"WebPage\",\"@id\":\"https:\/\/neocogita.com\/migliorare-la-memoria-e-la-concentrazione-consigli-pratici-per-la-salute-del-cervello\/\",\"url\":\"https:\/\/neocogita.com\/migliorare-la-memoria-e-la-concentrazione-consigli-pratici-per-la-salute-del-cervello\/\",\"name\":\"Migliorare la memoria e la concentrazione: consigli pratici per la salute del cervello - Neocogita\",\"isPartOf\":{\"@id\":\"https:\/\/neocogita.com\/#website\"},\"primaryImageOfPage\":{\"@id\":\"https:\/\/neocogita.com\/migliorare-la-memoria-e-la-concentrazione-consigli-pratici-per-la-salute-del-cervello\/#primaryimage\"},\"image\":{\"@id\":\"https:\/\/neocogita.com\/migliorare-la-memoria-e-la-concentrazione-consigli-pratici-per-la-salute-del-cervello\/#primaryimage\"},\"thumbnailUrl\":\"https:\/\/neocogita.com\/wp-content\/uploads\/2024\/06\/memoria.jpg\",\"datePublished\":\"2024-06-26T15:12:36+00:00\",\"dateModified\":\"2024-06-26T15:12:36+00:00\",\"breadcrumb\":{\"@id\":\"https:\/\/neocogita.com\/migliorare-la-memoria-e-la-concentrazione-consigli-pratici-per-la-salute-del-cervello\/#breadcrumb\"},\"inLanguage\":\"en-US\",\"potentialAction\":[{\"@type\":\"ReadAction\",\"target\":[\"https:\/\/neocogita.com\/migliorare-la-memoria-e-la-concentrazione-consigli-pratici-per-la-salute-del-cervello\/\"]}]},{\"@type\":\"ImageObject\",\"inLanguage\":\"en-US\",\"@id\":\"https:\/\/neocogita.com\/migliorare-la-memoria-e-la-concentrazione-consigli-pratici-per-la-salute-del-cervello\/#primaryimage\",\"url\":\"https:\/\/neocogita.com\/wp-content\/uploads\/2024\/06\/memoria.jpg\",\"contentUrl\":\"https:\/\/neocogita.com\/wp-content\/uploads\/2024\/06\/memoria.jpg\",\"width\":1000,\"height\":982},{\"@type\":\"BreadcrumbList\",\"@id\":\"https:\/\/neocogita.com\/migliorare-la-memoria-e-la-concentrazione-consigli-pratici-per-la-salute-del-cervello\/#breadcrumb\",\"itemListElement\":[{\"@type\":\"ListItem\",\"position\":1,\"name\":\"Home\",\"item\":\"https:\/\/neocogita.com\/\"},{\"@type\":\"ListItem\",\"position\":2,\"name\":\"Migliorare la memoria e la concentrazione: consigli pratici per la salute del cervello\"}]},{\"@type\":\"WebSite\",\"@id\":\"https:\/\/neocogita.com\/#website\",\"url\":\"https:\/\/neocogita.com\/\",\"name\":\"Neocogita\",\"description\":\"\",\"publisher\":{\"@id\":\"https:\/\/neocogita.com\/#organization\"},\"potentialAction\":[{\"@type\":\"SearchAction\",\"target\":{\"@type\":\"EntryPoint\",\"urlTemplate\":\"https:\/\/neocogita.com\/?s={search_term_string}\"},\"query-input\":{\"@type\":\"PropertyValueSpecification\",\"valueRequired\":true,\"valueName\":\"search_term_string\"}}],\"inLanguage\":\"en-US\"},{\"@type\":\"Organization\",\"@id\":\"https:\/\/neocogita.com\/#organization\",\"name\":\"Neocogita\",\"url\":\"https:\/\/neocogita.com\/\",\"logo\":{\"@type\":\"ImageObject\",\"inLanguage\":\"en-US\",\"@id\":\"https:\/\/neocogita.com\/#\/schema\/logo\/image\/\",\"url\":\"https:\/\/neocogita.com\/wp-content\/uploads\/2022\/11\/logo.svg\",\"contentUrl\":\"https:\/\/neocogita.com\/wp-content\/uploads\/2022\/11\/logo.svg\",\"width\":1,\"height\":1,\"caption\":\"Neocogita\"},\"image\":{\"@id\":\"https:\/\/neocogita.com\/#\/schema\/logo\/image\/\"},\"sameAs\":[\"https:\/\/www.facebook.com\/Neocogita\/\",\"https:\/\/x.com\/Neocogita\"]},{\"@type\":\"Person\",\"@id\":\"https:\/\/neocogita.com\/#\/schema\/person\/eba8e1fdaff3c6c07bac8645276c8eb5\",\"name\":\"Francesca Bonetti\",\"image\":{\"@type\":\"ImageObject\",\"inLanguage\":\"en-US\",\"@id\":\"https:\/\/neocogita.com\/#\/schema\/person\/image\/\",\"url\":\"https:\/\/secure.gravatar.com\/avatar\/a1a9c3a043ac98f86af9d24aeb8457ea8a7cbf6377bfff73e8bfd8d7024831d8?s=96&d=mm&r=g\",\"contentUrl\":\"https:\/\/secure.gravatar.com\/avatar\/a1a9c3a043ac98f86af9d24aeb8457ea8a7cbf6377bfff73e8bfd8d7024831d8?s=96&d=mm&r=g\",\"caption\":\"Francesca Bonetti\"},\"sameAs\":[\"https:\/\/neocogita.com\"]}]}<\/script>\n<!-- \/ Yoast SEO plugin. -->","yoast_head_json":{"title":"Migliorare la memoria e la concentrazione: consigli pratici per la salute del cervello - Neocogita","robots":{"index":"index","follow":"follow","max-snippet":"max-snippet:-1","max-image-preview":"max-image-preview:large","max-video-preview":"max-video-preview:-1"},"canonical":"https:\/\/neocogita.com\/migliorare-la-memoria-e-la-concentrazione-consigli-pratici-per-la-salute-del-cervello\/","og_locale":"en_US","og_type":"article","og_title":"Migliorare la memoria e la concentrazione: consigli pratici per la salute del cervello - Neocogita","og_description":"La capacit\u00e0 di ricordare e concentrarsi efficacemente \u00e8 essenziale per il nostro successo quotidiano, sia a livello personale che professionale. Diversi fattori possono influenzare queste abilit\u00e0 cognitive, tra cui il sonno, l&#8217;et\u00e0, l&#8217;esercizio fisico e la nutrizione. Comprendere questi fattori e come gestirli pu\u00f2 aiutarci a mantenere il cervello in ottima forma. Importanza del sonno [&hellip;]","og_site_name":"Neocogita","article_publisher":"https:\/\/www.facebook.com\/Neocogita\/","article_published_time":"2024-06-26T15:12:36+00:00","og_image":[{"width":1000,"height":982,"url":"https:\/\/neocogita.com\/wp-content\/uploads\/2024\/06\/memoria.jpg","type":"image\/jpeg"}],"author":"Francesca Bonetti","twitter_card":"summary_large_image","twitter_creator":"@Neocogita","twitter_site":"@Neocogita","twitter_misc":{"Written by":"Francesca Bonetti","Est. reading time":"5 minutes"},"schema":{"@context":"https:\/\/schema.org","@graph":[{"@type":"Article","@id":"https:\/\/neocogita.com\/migliorare-la-memoria-e-la-concentrazione-consigli-pratici-per-la-salute-del-cervello\/#article","isPartOf":{"@id":"https:\/\/neocogita.com\/migliorare-la-memoria-e-la-concentrazione-consigli-pratici-per-la-salute-del-cervello\/"},"author":{"name":"Francesca Bonetti","@id":"https:\/\/neocogita.com\/#\/schema\/person\/eba8e1fdaff3c6c07bac8645276c8eb5"},"headline":"Migliorare la memoria e la concentrazione: consigli pratici per la salute del cervello","datePublished":"2024-06-26T15:12:36+00:00","dateModified":"2024-06-26T15:12:36+00:00","mainEntityOfPage":{"@id":"https:\/\/neocogita.com\/migliorare-la-memoria-e-la-concentrazione-consigli-pratici-per-la-salute-del-cervello\/"},"wordCount":560,"commentCount":0,"publisher":{"@id":"https:\/\/neocogita.com\/#organization"},"image":{"@id":"https:\/\/neocogita.com\/migliorare-la-memoria-e-la-concentrazione-consigli-pratici-per-la-salute-del-cervello\/#primaryimage"},"thumbnailUrl":"https:\/\/neocogita.com\/wp-content\/uploads\/2024\/06\/memoria.jpg","articleSection":["Brain Facts","Brain Wellness\u00ae"],"inLanguage":"en-US","potentialAction":[{"@type":"CommentAction","name":"Comment","target":["https:\/\/neocogita.com\/migliorare-la-memoria-e-la-concentrazione-consigli-pratici-per-la-salute-del-cervello\/#respond"]}]},{"@type":"WebPage","@id":"https:\/\/neocogita.com\/migliorare-la-memoria-e-la-concentrazione-consigli-pratici-per-la-salute-del-cervello\/","url":"https:\/\/neocogita.com\/migliorare-la-memoria-e-la-concentrazione-consigli-pratici-per-la-salute-del-cervello\/","name":"Migliorare la memoria e la concentrazione: consigli pratici per la salute del cervello - Neocogita","isPartOf":{"@id":"https:\/\/neocogita.com\/#website"},"primaryImageOfPage":{"@id":"https:\/\/neocogita.com\/migliorare-la-memoria-e-la-concentrazione-consigli-pratici-per-la-salute-del-cervello\/#primaryimage"},"image":{"@id":"https:\/\/neocogita.com\/migliorare-la-memoria-e-la-concentrazione-consigli-pratici-per-la-salute-del-cervello\/#primaryimage"},"thumbnailUrl":"https:\/\/neocogita.com\/wp-content\/uploads\/2024\/06\/memoria.jpg","datePublished":"2024-06-26T15:12:36+00:00","dateModified":"2024-06-26T15:12:36+00:00","breadcrumb":{"@id":"https:\/\/neocogita.com\/migliorare-la-memoria-e-la-concentrazione-consigli-pratici-per-la-salute-del-cervello\/#breadcrumb"},"inLanguage":"en-US","potentialAction":[{"@type":"ReadAction","target":["https:\/\/neocogita.com\/migliorare-la-memoria-e-la-concentrazione-consigli-pratici-per-la-salute-del-cervello\/"]}]},{"@type":"ImageObject","inLanguage":"en-US","@id":"https:\/\/neocogita.com\/migliorare-la-memoria-e-la-concentrazione-consigli-pratici-per-la-salute-del-cervello\/#primaryimage","url":"https:\/\/neocogita.com\/wp-content\/uploads\/2024\/06\/memoria.jpg","contentUrl":"https:\/\/neocogita.com\/wp-content\/uploads\/2024\/06\/memoria.jpg","width":1000,"height":982},{"@type":"BreadcrumbList","@id":"https:\/\/neocogita.com\/migliorare-la-memoria-e-la-concentrazione-consigli-pratici-per-la-salute-del-cervello\/#breadcrumb","itemListElement":[{"@type":"ListItem","position":1,"name":"Home","item":"https:\/\/neocogita.com\/"},{"@type":"ListItem","position":2,"name":"Migliorare la memoria e la concentrazione: consigli pratici per la salute del cervello"}]},{"@type":"WebSite","@id":"https:\/\/neocogita.com\/#website","url":"https:\/\/neocogita.com\/","name":"Neocogita","description":"","publisher":{"@id":"https:\/\/neocogita.com\/#organization"},"potentialAction":[{"@type":"SearchAction","target":{"@type":"EntryPoint","urlTemplate":"https:\/\/neocogita.com\/?s={search_term_string}"},"query-input":{"@type":"PropertyValueSpecification","valueRequired":true,"valueName":"search_term_string"}}],"inLanguage":"en-US"},{"@type":"Organization","@id":"https:\/\/neocogita.com\/#organization","name":"Neocogita","url":"https:\/\/neocogita.com\/","logo":{"@type":"ImageObject","inLanguage":"en-US","@id":"https:\/\/neocogita.com\/#\/schema\/logo\/image\/","url":"https:\/\/neocogita.com\/wp-content\/uploads\/2022\/11\/logo.svg","contentUrl":"https:\/\/neocogita.com\/wp-content\/uploads\/2022\/11\/logo.svg","width":1,"height":1,"caption":"Neocogita"},"image":{"@id":"https:\/\/neocogita.com\/#\/schema\/logo\/image\/"},"sameAs":["https:\/\/www.facebook.com\/Neocogita\/","https:\/\/x.com\/Neocogita"]},{"@type":"Person","@id":"https:\/\/neocogita.com\/#\/schema\/person\/eba8e1fdaff3c6c07bac8645276c8eb5","name":"Francesca Bonetti","image":{"@type":"ImageObject","inLanguage":"en-US","@id":"https:\/\/neocogita.com\/#\/schema\/person\/image\/","url":"https:\/\/secure.gravatar.com\/avatar\/a1a9c3a043ac98f86af9d24aeb8457ea8a7cbf6377bfff73e8bfd8d7024831d8?s=96&d=mm&r=g","contentUrl":"https:\/\/secure.gravatar.com\/avatar\/a1a9c3a043ac98f86af9d24aeb8457ea8a7cbf6377bfff73e8bfd8d7024831d8?s=96&d=mm&r=g","caption":"Francesca Bonetti"},"sameAs":["https:\/\/neocogita.com"]}]}},"_links":{"self":[{"href":"https:\/\/neocogita.com\/en\/wp-json\/wp\/v2\/posts\/584958","targetHints":{"allow":["GET"]}}],"collection":[{"href":"https:\/\/neocogita.com\/en\/wp-json\/wp\/v2\/posts"}],"about":[{"href":"https:\/\/neocogita.com\/en\/wp-json\/wp\/v2\/types\/post"}],"author":[{"embeddable":true,"href":"https:\/\/neocogita.com\/en\/wp-json\/wp\/v2\/users\/582011"}],"replies":[{"embeddable":true,"href":"https:\/\/neocogita.com\/en\/wp-json\/wp\/v2\/comments?post=584958"}],"version-history":[{"count":1,"href":"https:\/\/neocogita.com\/en\/wp-json\/wp\/v2\/posts\/584958\/revisions"}],"predecessor-version":[{"id":584959,"href":"https:\/\/neocogita.com\/en\/wp-json\/wp\/v2\/posts\/584958\/revisions\/584959"}],"wp:featuredmedia":[{"embeddable":true,"href":"https:\/\/neocogita.com\/en\/wp-json\/wp\/v2\/media\/584952"}],"wp:attachment":[{"href":"https:\/\/neocogita.com\/en\/wp-json\/wp\/v2\/media?parent=584958"}],"wp:term":[{"taxonomy":"category","embeddable":true,"href":"https:\/\/neocogita.com\/en\/wp-json\/wp\/v2\/categories?post=584958"},{"taxonomy":"post_tag","embeddable":true,"href":"https:\/\/neocogita.com\/en\/wp-json\/wp\/v2\/tags?post=584958"},{"taxonomy":"dipi_cpt_category","embeddable":true,"href":"https:\/\/neocogita.com\/en\/wp-json\/wp\/v2\/dipi_cpt_category?post=584958"}],"curies":[{"name":"wp","href":"https:\/\/api.w.org\/{rel}","templated":true}]}}